{"id":398237,"date":"2016-12-01T09:42:06","date_gmt":"2016-12-01T08:42:06","guid":{"rendered":"http:\/\/www.ivg.it\/?p=398237"},"modified":"2016-12-01T09:42:06","modified_gmt":"2016-12-01T08:42:06","slug":"roccavignale-danni-alluvionali-si-torna-lavorare-al-presepe-vivente","status":"publish","type":"post","link":"https:\/\/staging.ivg.it\/2016\/12\/roccavignale-danni-alluvionali-si-torna-lavorare-al-presepe-vivente\/","title":{"rendered":"Roccavignale, dopo i danni alluvionali si torna a lavorare al Presepe Vivente"},"content":{"rendered":"<p><strong>Roccavignale<\/strong>. Dopo aver trascorso gli ultimi giorni a dare una mano per superare l\u2019emergenza causata dall\u2019alluvione che in paese ha provocato diverse frane e ingenti danni, i volontari della Pro Loco di Roccavignale stanno ricominciando ad occuparsi anche dell\u2019organizzazione del Presepe Vivente che, come ogni anno, si terr\u00e0 in frazione Strada nelle serate del 22, 23 e 24 dicembre.<\/p>\n<p>\u201cLa voglia di ritornare alla normalit\u00e0 \u00e8 tanta. Vogliamo che questa edizione del Presepe sia la testimonianza della rinascita della nostra comunit\u00e0, ancora pi\u00f9 unita e coesa dopo il disastro\u201d spiegano da Roccavignale.<\/p>\n<p>Si riparte dai punti fermi gi\u00e0 decisi nella riunione di luned\u00ec 21, tre giorni prima dell\u2019alluvione. \u201cCi saranno la danzatrice del ventre Anbar, le ballerine della scuola \u201cAtmosfera Danza\u201d di Gabriella Bracco di Cairo, i figuranti del gruppo \u201cA Storia\u201d di Savona, gli sputafuoco e il fachiro che camminer\u00e0 sui vetri, gli zampognari e gli attori della compagnia teatrale \u201cIII Millennio\u201d di Cengio\u201d spiegano dalla Pro Loco.<\/p>\n<p>Confermati anche il pullman gratuito in partenza da Savona per la serata del 23 dicembre, con prenotazione obbligatoria presso l\u2019Agenzia Vedazzurro di via Luigi Corsi a Savona, e la navetta che far\u00e0 la spola tra i parcheggi di Millesimo e Roccavignale in tutte e tre le serate del Presepe, ma con un nuovo orario, 19-24, modulato sulle richieste degli utenti.<\/p>\n<p>Si lavora anche sulle nuove idee e sulla ricerca dei bimbi che impersoneranno Ges\u00f9 Bambino nelle tre serate. Ricerca questa quasi completata e nei prossimi giorni verranno diffuse le foto dei neonati.<\/p>\n","protected":false},"excerpt":{"rendered":"<p>&#8220;Vogliamo che questa edizione del Presepe sia la testimonianza della rinascita della nostra comunit\u00e0, ancora pi\u00f9 unita e coesa dopo il disastro&#8221;<\/p>\n","protected":false},"author":2394,"featured_media":0,"comment_status":"open","ping_status":"closed","sticky":false,"template":"","format":"standard","meta":{"footnotes":""},"categories":[45296,56],"tags":[5294,78955],"class_list":["post-398237","post","type-post","status-publish","format-standard","hentry","category-copertina","category-altre","tag-presepe-vivente","tag-presepe-vivente-roccavignale","post_cat_citta-roccavignale"],"amp_validity":null,"amp_enabled":true,"_links":{"self":[{"href":"https:\/\/staging.ivg.it\/ediapi\/wp\/v2\/posts\/398237","targetHints":{"allow":["GET"]}}],"collection":[{"href":"https:\/\/staging.ivg.it\/ediapi\/wp\/v2\/posts"}],"about":[{"href":"https:\/\/staging.ivg.it\/ediapi\/wp\/v2\/types\/post"}],"author":[{"embeddable":true,"href":"https:\/\/staging.ivg.it\/ediapi\/wp\/v2\/users\/2394"}],"replies":[{"embeddable":true,"href":"https:\/\/staging.ivg.it\/ediapi\/wp\/v2\/comments?post=398237"}],"version-history":[{"count":0,"href":"https:\/\/staging.ivg.it\/ediapi\/wp\/v2\/posts\/398237\/revisions"}],"wp:attachment":[{"href":"https:\/\/staging.ivg.it\/ediapi\/wp\/v2\/media?parent=398237"}],"wp:term":[{"taxonomy":"category","embeddable":true,"href":"https:\/\/staging.ivg.it\/ediapi\/wp\/v2\/categories?post=398237"},{"taxonomy":"post_tag","embeddable":true,"href":"https:\/\/staging.ivg.it\/ediapi\/wp\/v2\/tags?post=398237"}],"curies":[{"name":"wp","href":"https:\/\/api.w.org\/{rel}","templated":true}]}}