{"id":398233,"date":"2016-12-01T07:16:56","date_gmt":"2016-12-01T06:16:56","guid":{"rendered":"http:\/\/www.ivg.it\/?p=398233"},"modified":"2016-12-01T07:17:48","modified_gmt":"2016-12-01T06:17:48","slug":"sara-messo-sicurezza-riqualificato-cimitero-varazze-costo-380-mila-euro","status":"publish","type":"post","link":"https:\/\/staging.ivg.it\/2016\/12\/sara-messo-sicurezza-riqualificato-cimitero-varazze-costo-380-mila-euro\/","title":{"rendered":"Sar\u00e0 messo in sicurezza e riqualificato il cimitero di Varazze, costo 380 mila euro"},"content":{"rendered":"<p><strong>Varazze.<\/strong> Disco verde da parte della giunta municipale di Varazze al progetto preliminare per la messa in sicurezza e riqualificazione dell&#8217;emiciclo superiore del cimitero.<\/p>\n<p>A redigere il piano \u00e8 stato lo studio di ingegneria Alberto Patrone di Cogoleto. La stima prevista per l&#8217;intervento si aggira attorno ai 380 mila euro, di cui 290 mila di lavori e il resto suddiviso tra Iva e somme a disposizione.<\/p>\n<p>Prima di dare il via libera alle operazioni sono stati effettuati accurati sopralluoghi che hanno evidenziato numerose lesioni sia all\u2019interno delle cappelle sia lungo i camminamenti, in continuo peggioramento. In passato sia era attribuita la responsabilit\u00e0 delle fessurazioni al rio Tanon, che scorre a monte Ulteriori perizie avevano poi escluso ogni responsabilit\u00e0 che viene attribuita alla scarsa qualit\u00e0 e vetust\u00e0 dei materiali, oltre che a problemi alle fondazioni.<\/p>\n<p>Per l&#8217;intervento varato dalla giunta Bozzano il Comune di Varazze proceder\u00e0 ora con una gara d\u2019appalto, utilizzando la stazione unica appaltante (Suap) della Provincia di Savona<\/p>\n","protected":false},"excerpt":{"rendered":"<p>Evidenziate numerose lesioni sia all\u2019interno delle cappelle sia lungo i camminamenti, in continuo peggioramento<\/p>\n","protected":false},"author":12291,"featured_media":0,"comment_status":"open","ping_status":"closed","sticky":false,"template":"","format":"standard","meta":{"footnotes":""},"categories":[56],"tags":[90714],"class_list":["post-398233","post","type-post","status-publish","format-standard","hentry","category-altre","tag-cimitero-varazze","post_cat_citta-varazze","post_tag_personaggi-alberto-patrone"],"amp_validity":null,"amp_enabled":true,"_links":{"self":[{"href":"https:\/\/staging.ivg.it\/ediapi\/wp\/v2\/posts\/398233","targetHints":{"allow":["GET"]}}],"collection":[{"href":"https:\/\/staging.ivg.it\/ediapi\/wp\/v2\/posts"}],"about":[{"href":"https:\/\/staging.ivg.it\/ediapi\/wp\/v2\/types\/post"}],"author":[{"embeddable":true,"href":"https:\/\/staging.ivg.it\/ediapi\/wp\/v2\/users\/12291"}],"replies":[{"embeddable":true,"href":"https:\/\/staging.ivg.it\/ediapi\/wp\/v2\/comments?post=398233"}],"version-history":[{"count":0,"href":"https:\/\/staging.ivg.it\/ediapi\/wp\/v2\/posts\/398233\/revisions"}],"wp:attachment":[{"href":"https:\/\/staging.ivg.it\/ediapi\/wp\/v2\/media?parent=398233"}],"wp:term":[{"taxonomy":"category","embeddable":true,"href":"https:\/\/staging.ivg.it\/ediapi\/wp\/v2\/categories?post=398233"},{"taxonomy":"post_tag","embeddable":true,"href":"https:\/\/staging.ivg.it\/ediapi\/wp\/v2\/tags?post=398233"}],"curies":[{"name":"wp","href":"https:\/\/api.w.org\/{rel}","templated":true}]}}