{"id":398192,"date":"2016-11-30T14:42:02","date_gmt":"2016-11-30T13:42:02","guid":{"rendered":"http:\/\/www.ivg.it\/?p=398192"},"modified":"2016-11-30T14:50:23","modified_gmt":"2016-11-30T13:50:23","slug":"loano-solidale-coi-terremotati-donati-17-mila-euro-lacquisto-un-mezzo-trasporto-dei-dializzati","status":"publish","type":"post","link":"https:\/\/staging.ivg.it\/2016\/11\/loano-solidale-coi-terremotati-donati-17-mila-euro-lacquisto-un-mezzo-trasporto-dei-dializzati\/","title":{"rendered":"&#8220;Loano Solidale&#8221; coi terremotati: donati 17 mila euro per l&#8217;acquisto di un mezzo per il trasporto dei dializzati"},"content":{"rendered":"<p><strong>Loano<\/strong>. Saranno utilizzati per l&#8217;acquisto di un mezzo specifico per il trasporto dei dializzati i 17.450 euro raccolti grazie ad \u201cAggiungi un posto a tavola\u201d, la<span style=\"color: #333333;\"><span style=\"font-family: Georgia, 'Times New Roman', 'Bitstream Charter', Times, serif;\"><span style=\"font-size: medium;\"> giornata di gastronomia e solidariet\u00e0 che si \u00e8 tenuta domenica 30 ottobre sul lungomare di Loano in favore delle popolazioni del centro Italia colpite dal terremoto.<\/span><\/span><\/span><\/p>\n<p><span style=\"color: #333333;\"><span style=\"font-family: Georgia, 'Times New Roman', 'Bitstream Charter', Times, serif;\"><span style=\"font-size: medium;\">La manifestazione si \u00e8 svolta nei pressi della Casetta dei Lavoratori del mare, all\u2019ora di pranzo ed \u00e8 proseguita per tutto il pomeriggio. In cucina oltre 50 volontari hanno cucinato 2 quintali di polenta, 2 quintali di salsiccia e 50 teglie di crostata. Altri 50 volontari hanno allestito l\u2019area, montando gli stand, la cucina e gli oltre 100 tavoli. Grazie alla bella giornata sono stati serviti pi\u00f9 di 1600 pasti. <\/span><\/span><\/span><\/p>\n<p><span style=\"color: #333333;\"><span style=\"font-family: Georgia, 'Times New Roman', 'Bitstream Charter', Times, serif;\"><span style=\"font-size: medium;\">L&#8217;incasso della manifestazione \u00e8 stato preso in consegna dalla croce rossa di Loano, che ieri ha effettuato un bonifico a favore del comitato locale del Comune di Lisso, in provincia di Macerata. I fondi saranno utilizzati per l&#8217;acquisto di un pullmino in grado di trasportare pazienti dializzati e sar\u00e0 utilizzato in tutto il comprensorio di Visso.<\/span><\/span><\/span><\/p>\n<p><span style=\"color: #333333;\">\u201c<span style=\"font-family: Georgia, 'Times New Roman', 'Bitstream Charter', Times, serif;\"><span style=\"font-size: medium;\">Il Comune di Visso \u2013 spiega l&#8217;assessore Remo Zaccaria \u2013 ci ha inviato una comunicazione in cui ringraziano Loano e i nostri concittadini per la grande sensibilit\u00e0 dimostrata con questa iniziativa. La croce rossa di Visso ci terr\u00e0 aggiornati circa i tempi della consegna del veicolo. Sarebbe molto bello recarci tutti in provincia di Macerata per abbracciare i nostri amici colpiti dal terremoto\u201d.<\/span><\/span><\/span><\/p>\n<p><span style=\"color: #333333;\">\u201c<span style=\"font-family: Georgia, 'Times New Roman', 'Bitstream Charter', Times, serif;\"><span style=\"font-size: medium;\">Personalmente \u2013 ha proseguito Zaccaria \u2013 mi sento di ringraziare tutti i membri del consiglio comunale, che in questa occasione si sono rimboccati le maniche e hanno lavorato duramente per la buona riuscita della nostra iniziativa\u201d.<\/span><\/span><\/span><\/p>\n<p>&#8220;Il comitato di Loano della croce rossa italiana \u2013 spiegano dalla Cri loanese \u2013 ha\u00a0collaborato con il massimo impegno alla riuscita dell&#8217;evento del 30 ottobre per la raccolta fondi pro popolazioni terremotate, la Cri\u00a0nazionale \u00e8 impegnata con migliaia di volontari nelle aree terremotate sin dal giorno del primo evento. D&#8217;accordo con l&#8217;amministrazione comunale e le tante associazioni cittadine coinvolte abbiamo deciso di aiutare il comitato Cri di un piccolo comune che ha subito molti danni consci delle difficolt\u00e0 che i volontari di Visso stanno affrontando per aiutare i propri concittadini nonostante essi stessi abbiano subito le conseguenze del sisma&#8221;.<\/p>\n\n<p>\u201cLoano ha risposto unita e solidale \u2013 dice il sindaco Luigi Pignocca alla richiesta d\u2019aiuto delle popolazioni colpite dal terremoto. Ringrazio tutte le associazioni per l\u2019impegno e il cuore che hanno messo in questa iniziativa e ringrazio i cittadini e i turisti per aver dimostrato una grande sensibilit\u00e0 e vicinanza a chi ancora in queste ore ha perso tutto. Un ringraziamento anche alle attivit\u00e0 commerciali che hanno regalato le materie prime che sono servite a realizzare il men\u00f9 solidale. Il successo di questa giornata \u00e8 da attribuire soprattutto alle associazioni loanesi che ancora una volta hanno dimostrato di essere una forza vitale nella nostra comunit\u00e0. I fondi raccolti saranno affidati alla Croce Rossa Italiana che \u00e8 impegnata nelle zone ferite dal terremoto con mezzi e personale\u201d.<\/p>\n<p>\u201cPi\u00f9 di trenta associazioni culturali e sportive \u2013 dice l\u2019assessore Remo Zaccaria hanno collaborato per dar vita a questa iniziativa. Uniti per una finalit\u00e0 comune al di sopra delle differenze, tutti hanno dato un contributo. Le associazioni pi\u00f9 esperte di sagre hanno organizzato la cucina, i sodalizi culturali hanno dato vita ad un programma d\u2019intrattenimento vario e di qualit\u00e0. Un ringraziamento va anche ai consiglieri di maggioranza e minoranza che hanno lavorato insieme per la buona riuscita della giornata, lasciando per un giorno da parte le differenze politiche. A questa prima edizione ne seguiranno altre, e ogni anno sceglieremo insieme il progetto da sostenere con l\u2019aiuto di tutta la citt\u00e0\u201d.<\/p>\n","protected":false},"excerpt":{"rendered":"<p>I fondi raccolti durante la manifestazione &#8220;Aggiungi un posto a tavola&#8221; sono stati inviati alla croce rossa di Visso, in provincia di Macerata<\/p>\n","protected":false},"author":12120,"featured_media":0,"comment_status":"open","ping_status":"closed","sticky":false,"template":"","format":"standard","meta":{"footnotes":""},"categories":[45296,56],"tags":[89716,55452,89921,72893],"class_list":["post-398192","post","type-post","status-publish","format-standard","hentry","category-copertina","category-altre","tag-aggiungi-un-posto-a-tavola-loano","tag-croce-rossa-loano","tag-loano-solidale","tag-vecchia-loano","post_cat_citta-loano","post_tag_personaggi-luigi-pignocca","post_tag_personaggi-remo-zaccaria","post_tag_personaggi-santino-puleo","post_tag_personaggi-teo-chirico"],"amp_validity":null,"amp_enabled":true,"_links":{"self":[{"href":"https:\/\/staging.ivg.it\/ediapi\/wp\/v2\/posts\/398192","targetHints":{"allow":["GET"]}}],"collection":[{"href":"https:\/\/staging.ivg.it\/ediapi\/wp\/v2\/posts"}],"about":[{"href":"https:\/\/staging.ivg.it\/ediapi\/wp\/v2\/types\/post"}],"author":[{"embeddable":true,"href":"https:\/\/staging.ivg.it\/ediapi\/wp\/v2\/users\/12120"}],"replies":[{"embeddable":true,"href":"https:\/\/staging.ivg.it\/ediapi\/wp\/v2\/comments?post=398192"}],"version-history":[{"count":0,"href":"https:\/\/staging.ivg.it\/ediapi\/wp\/v2\/posts\/398192\/revisions"}],"wp:attachment":[{"href":"https:\/\/staging.ivg.it\/ediapi\/wp\/v2\/media?parent=398192"}],"wp:term":[{"taxonomy":"category","embeddable":true,"href":"https:\/\/staging.ivg.it\/ediapi\/wp\/v2\/categories?post=398192"},{"taxonomy":"post_tag","embeddable":true,"href":"https:\/\/staging.ivg.it\/ediapi\/wp\/v2\/tags?post=398192"}],"curies":[{"name":"wp","href":"https:\/\/api.w.org\/{rel}","templated":true}]}}