{"id":39784,"date":"2008-11-05T15:56:03","date_gmt":"2008-11-05T14:56:03","guid":{"rendered":"http:\/\/www.ivg.it\/?p=39784"},"modified":"2008-11-06T11:29:00","modified_gmt":"2008-11-06T10:29:00","slug":"savona-una-messa-per-i-maestri-del-lavoro","status":"publish","type":"post","link":"https:\/\/staging.ivg.it\/2008\/11\/savona-una-messa-per-i-maestri-del-lavoro\/","title":{"rendered":"Savona, una messa per i Maestri del Lavoro"},"content":{"rendered":"<p><strong>[thumb:3402:l]Savona.<\/strong> Verr\u00e0 officiata al santuario di Nostra Signora di Misericordia la messa dedicata a tutti i Maestri del Lavoro della Provincia di Savona. Al termine del rito eucaristico sar\u00e0 prevista la visita al nuovo museo, dedicato al pittore Eso Peluzzi, e all&#8217;atelier d&#8217;arte di Delia Zucchi. La mattinata si concluder\u00e0 poi con un pranzo presso la locanda del Santuario.<\/p>\n<p>&#8220;I Maestri del lavoro &#8211; spiega Mario Costa, che oltre a questo titolo pu\u00f2 fregiarsi anche dell&#8217;onorificenza, conferita dalla Santa Sede, di &#8220;Artefice cristiano del mondo del lavoro&#8221; &#8211; sono coloro che vengono decorati con la stella al merito, per decreto del Presidente della Repubblica: devono avere almeno cinquant&#8217;anni d&#8217;et\u00e0, aver prestato ininterrottamente per almeno 25 anni attivit\u00e0 lavorativa alle dipendenze di una o pi\u00f9 aziende ed essersi distinti per meriti di perizia, laboriosit\u00e0 e buona condotta morale&#8221;.<\/p>\n<p>L&#8217;appuntamento, a cui tutti i Maestri del Lavoro sono invitati a partecipare, \u00e8 per sabato 29 novembre, alle ore 11. La messa sar\u00e0 celebrata dal vicario generale e rettore del Santuario, monsignor Andrea Giusto.<\/p>\n","protected":false},"excerpt":{"rendered":"<p>[thumb:3402:l]Savona. Verr\u00e0 officiata al santuario di Nostra Signora di Misericordia la messa dedicata a tutti i Maestri del Lavoro della Provincia di Savona. Al termine del rito eucaristico sar\u00e0 prevista la visita al nuovo museo, dedicato al pittore Eso Peluzzi, e all&#8217;atelier d&#8217;arte di Delia Zucchi. La mattinata si concluder\u00e0 poi con un pranzo presso [&hellip;]<\/p>\n","protected":false},"author":13744,"featured_media":0,"comment_status":"open","ping_status":"closed","sticky":false,"template":"","format":"standard","meta":{"footnotes":""},"categories":[],"tags":[3531,1658],"class_list":["post-39784","post","type-post","status-publish","format-standard","hentry","tag-maestri-del-lavoro","tag-messa","post_cat_citta-savona"],"amp_validity":null,"amp_enabled":true,"_links":{"self":[{"href":"https:\/\/staging.ivg.it\/ediapi\/wp\/v2\/posts\/39784","targetHints":{"allow":["GET"]}}],"collection":[{"href":"https:\/\/staging.ivg.it\/ediapi\/wp\/v2\/posts"}],"about":[{"href":"https:\/\/staging.ivg.it\/ediapi\/wp\/v2\/types\/post"}],"author":[{"embeddable":true,"href":"https:\/\/staging.ivg.it\/ediapi\/wp\/v2\/users\/13744"}],"replies":[{"embeddable":true,"href":"https:\/\/staging.ivg.it\/ediapi\/wp\/v2\/comments?post=39784"}],"version-history":[{"count":0,"href":"https:\/\/staging.ivg.it\/ediapi\/wp\/v2\/posts\/39784\/revisions"}],"wp:attachment":[{"href":"https:\/\/staging.ivg.it\/ediapi\/wp\/v2\/media?parent=39784"}],"wp:term":[{"taxonomy":"category","embeddable":true,"href":"https:\/\/staging.ivg.it\/ediapi\/wp\/v2\/categories?post=39784"},{"taxonomy":"post_tag","embeddable":true,"href":"https:\/\/staging.ivg.it\/ediapi\/wp\/v2\/tags?post=39784"}],"curies":[{"name":"wp","href":"https:\/\/api.w.org\/{rel}","templated":true}]}}