{"id":397805,"date":"2016-11-25T15:28:37","date_gmt":"2016-11-25T14:28:37","guid":{"rendered":"http:\/\/www.ivg.it\/?p=397805"},"modified":"2016-11-25T15:28:37","modified_gmt":"2016-11-25T14:28:37","slug":"danni-maltempo-gestione-dellemergenza-codacons-presenta-esposto-procura-alla-corte-dei-conti","status":"publish","type":"post","link":"https:\/\/staging.ivg.it\/2016\/11\/danni-maltempo-gestione-dellemergenza-codacons-presenta-esposto-procura-alla-corte-dei-conti\/","title":{"rendered":"Danni maltempo e gestione dell&#8217;emergenza: il Codacons presenta esposto in Procura e alla Corte dei Conti"},"content":{"rendered":"<p><strong>Liguria<\/strong>. A seguito dei gravissimi danni registrati in Liguria ed in particolare nelle province di Genova, Savona ed Imperia a seguito dell\u2019ennesima e violenta ondata di maltempo, il Codacons oggi presenta un esposto alle Procure della Repubblica delle tre citt\u00e0 e alla Corte dei Conti regionale, affinch\u00e9 si verifichino le responsabilit\u00e0 degli organi pubblici.<\/p>\n<p>\u201cSono molti e diversi i punti oscuri e gli interrogativi che l\u2019autorit\u00e0 deve necessariamente chiarire al fine di verificare eventuali responsabilit\u00e0 e fattispecie penalmente rilevanti nella gestione della emergenza maltempo \u2013 scrive il Codacons nella denuncia -. Da cosa sia accaduto realmente a quali lavori e quali opere previste per la sicurezza del territorio dal punto di visto idrogeologico e all&#8217;impiego dei fondi stanziati per gli interventi sono o non sono stati fatti; se vi sia stato una sottovalutazione degli eventi; quali danni siano stati provocati al territorio e all\u2019ambiente in relazione alla gestione amministrativa e a possibili omissioni o illeciti. Elemento centrale del disastro continua poi ad essere la speculazione edilizia, e i dati parlano chiaro: in Italia ogni giorno vengono edificati 700 ettari di territorio e la variabilit\u00e0 climatica non viene affrontata con l&#8217;attenzione che merita\u201d.<\/p>\n<p>Il Codacons ha dunque chiesto alle tre Procure di aprire una indagine alla luce delle possibili fattispecie penalmente rilevanti quali disastro colposo, danni provocati al territorio in relazione alla gestione amministrativa e a possibili omissioni o illeciti sul piano edilizio ed ambientale, abuso di ufficio, omissione in atti d\u2019ufficio, omesso controllo e vigilanza.<\/p>\n<p>Alla Corte dei Conti della Liguria, invece, l\u2019associazione ha chiesto di verificare il corretto utilizzo dei fondi pubblici destinati alla messa in sicurezza del territorio.<\/p>\n","protected":false},"excerpt":{"rendered":"<p>L&#8217;associazione ha chiesto alla magistratura di aprire una indagine per disastro colposo, omesso controllo e abuso d\u2019ufficio, ma anche verifiche sull&#8217;uso dei fondi pubblici<\/p>\n","protected":false},"author":2394,"featured_media":0,"comment_status":"open","ping_status":"closed","sticky":false,"template":"","format":"standard","meta":{"footnotes":""},"categories":[56],"tags":[90558,3082],"class_list":["post-397805","post","type-post","status-publish","format-standard","hentry","category-altre","tag-allerta-24-novembre","tag-codacons","post_cat_citta-savona"],"amp_validity":null,"amp_enabled":true,"_links":{"self":[{"href":"https:\/\/staging.ivg.it\/ediapi\/wp\/v2\/posts\/397805","targetHints":{"allow":["GET"]}}],"collection":[{"href":"https:\/\/staging.ivg.it\/ediapi\/wp\/v2\/posts"}],"about":[{"href":"https:\/\/staging.ivg.it\/ediapi\/wp\/v2\/types\/post"}],"author":[{"embeddable":true,"href":"https:\/\/staging.ivg.it\/ediapi\/wp\/v2\/users\/2394"}],"replies":[{"embeddable":true,"href":"https:\/\/staging.ivg.it\/ediapi\/wp\/v2\/comments?post=397805"}],"version-history":[{"count":0,"href":"https:\/\/staging.ivg.it\/ediapi\/wp\/v2\/posts\/397805\/revisions"}],"wp:attachment":[{"href":"https:\/\/staging.ivg.it\/ediapi\/wp\/v2\/media?parent=397805"}],"wp:term":[{"taxonomy":"category","embeddable":true,"href":"https:\/\/staging.ivg.it\/ediapi\/wp\/v2\/categories?post=397805"},{"taxonomy":"post_tag","embeddable":true,"href":"https:\/\/staging.ivg.it\/ediapi\/wp\/v2\/tags?post=397805"}],"curies":[{"name":"wp","href":"https:\/\/api.w.org\/{rel}","templated":true}]}}