{"id":397486,"date":"2016-11-22T14:00:25","date_gmt":"2016-11-22T13:00:25","guid":{"rendered":"http:\/\/www.ivg.it\/?p=397486"},"modified":"2016-11-22T14:00:25","modified_gmt":"2016-11-22T13:00:25","slug":"tutta-guantanamo-nostra-serata-solidarieta-ed-attualita-politica-internazionale","status":"publish","type":"post","link":"https:\/\/staging.ivg.it\/2016\/11\/tutta-guantanamo-nostra-serata-solidarieta-ed-attualita-politica-internazionale\/","title":{"rendered":"Tutta Guantanamo \u00e8 nostra: serata di solidariet\u00e0 ed attualit\u00e0 politica internazionale"},"content":{"rendered":"<p>Gioved\u00ec prossimo 24 novembre alle ore 20:00 presso la SMS\/Circolo Cantagalletto di Via Ciantagalletto Inf. 2 (Savona), il Circolo Granma di Celle Ligure \u2013 Varazze, l&#8217;Associazione Italia \u2013 Cuba di Savona, il Circolo Italia \u2013 Cuba di Ceriale, in collaborazione con il Comune di Rialto, il Comune di Pareto, la SMS\/Circolo Cantagalletto ed Arci Savona, organizzano l\u2019evento Tutta Guantanamo \u00e8 nostra, appuntamento di solidariet\u00e0 e cooperazione internazionale e di approfondimento sull\u2019attualit\u00e0 politica internazionale.<\/p>\n<p>La serata inizier\u00e0 con una cena a base di pizza, focaccia farcita, farinata, dolce acqua vino caff\u00e8 a \u20ac 15,00.<br \/>\nAlle 21:30 proiezione del docufilm \u201cTutta Guantanamo \u00e8 nostra\u201d realizzato da Hernando Calvo Ospina a cui seguir\u00e0 l\u2019incontro con Silvia Baraldini sul tema: \u201cDall&#8217; esperienza carceraria ai prigionieri di Guantanamo (baia illegalmente occupata dal 1903 dalla base U.S.A.) e nuove relazioni U.S.A. \u2013 CUBA\u201d.<br \/>\nSar\u00e0 presente alla serata il Console di Cuba in Milano Oneida Baro&#8217; .<\/p>\n<p>Il ricavato della cena sar\u00e0 devoluto al reparto pediatrico dell\u2019ospedale policlinico Joel Benitez di Cauto Cristo.<br \/>\nPer prenotazioni telefonare al numero : 349\/326 11 69<br \/>\nAl raggiungimento di n\u00b0 100 prenotazioni si chiuderanno le iscrizioni.<\/p>\n","protected":false},"excerpt":{"rendered":"<p>Gioved\u00ec prossimo 24 novembre alle ore 20:00 presso la SMS\/Circolo Cantagalletto di Via Ciantagalletto Inf. 2 (Savona), il Circolo Granma di Celle Ligure \u2013 Varazze, l&#8217;Associazione Italia \u2013 Cuba di Savona, il Circolo Italia \u2013 Cuba di Ceriale, in collaborazione con il Comune di Rialto, il Comune di Pareto, la SMS\/Circolo Cantagalletto ed Arci Savona, [&hellip;]<\/p>\n","protected":false},"author":17661,"featured_media":0,"comment_status":"open","ping_status":"closed","sticky":false,"template":"","format":"standard","meta":{"footnotes":""},"categories":[45296,89329,88559],"tags":[64307],"class_list":["post-397486","post","type-post","status-publish","format-standard","hentry","category-copertina","category-arci-savona","category-rubriche","tag-arci-savona","post_cat_citta-savona","post_tag_personaggi-silvia-baraldini"],"amp_validity":null,"amp_enabled":true,"_links":{"self":[{"href":"https:\/\/staging.ivg.it\/ediapi\/wp\/v2\/posts\/397486","targetHints":{"allow":["GET"]}}],"collection":[{"href":"https:\/\/staging.ivg.it\/ediapi\/wp\/v2\/posts"}],"about":[{"href":"https:\/\/staging.ivg.it\/ediapi\/wp\/v2\/types\/post"}],"author":[{"embeddable":true,"href":"https:\/\/staging.ivg.it\/ediapi\/wp\/v2\/users\/17661"}],"replies":[{"embeddable":true,"href":"https:\/\/staging.ivg.it\/ediapi\/wp\/v2\/comments?post=397486"}],"version-history":[{"count":0,"href":"https:\/\/staging.ivg.it\/ediapi\/wp\/v2\/posts\/397486\/revisions"}],"wp:attachment":[{"href":"https:\/\/staging.ivg.it\/ediapi\/wp\/v2\/media?parent=397486"}],"wp:term":[{"taxonomy":"category","embeddable":true,"href":"https:\/\/staging.ivg.it\/ediapi\/wp\/v2\/categories?post=397486"},{"taxonomy":"post_tag","embeddable":true,"href":"https:\/\/staging.ivg.it\/ediapi\/wp\/v2\/tags?post=397486"}],"curies":[{"name":"wp","href":"https:\/\/api.w.org\/{rel}","templated":true}]}}