{"id":397452,"date":"2016-11-21T19:14:09","date_gmt":"2016-11-21T18:14:09","guid":{"rendered":"http:\/\/www.ivg.it\/?p=397452"},"modified":"2016-11-21T19:14:09","modified_gmt":"2016-11-21T18:14:09","slug":"danni-alluvionali-pd-ligure-mai-si-lasci-affiancare-nel-percorso-recupero-dei-finanziamenti","status":"publish","type":"post","link":"https:\/\/staging.ivg.it\/2016\/11\/danni-alluvionali-pd-ligure-mai-si-lasci-affiancare-nel-percorso-recupero-dei-finanziamenti\/","title":{"rendered":"Danni alluvionali, il Pd ligure: \u201cMai si lasci affiancare nel percorso di recupero dei finanziamenti\u201d"},"content":{"rendered":"<p><strong>Regione<\/strong>. \u201cPerdere 16 milioni di Euro \u00e8 un danno enorme. Specie per un settore come quello agricolo, che deve gi\u00e0 affrontare quotidianamente mille difficolt\u00e0 per superare la crisi. Non c&#8217;\u00e8 quindi dubbio che i mancati risarcimenti agli agricoltori per i danni alluvionali subiti nel 2014 sono un errore molto grave da parte della Regione Liguria. Una mancanza che dimostra l&#8217;incapacit\u00e0 e l&#8217;insensibilit\u00e0 dell&#8217;assessore Mai nei confronti dei lavoratori e delle realt\u00e0 che operano sul nostro territorio\u201d.<\/p>\n<p>A dirlo sono i consiglieri regionali del Pd Giovanni Barbagallo, Luigi De Vincenzi e Raffaella Paita, che cos\u00ec commentano l&#8217;esito della riunione del \u201cTavolo Verde\u201d tenutasi oggi pomeriggio in municipio ad Albenga.<\/p>\n<p>Mentre il deputato Pd Franco Vazio e il consigliere regionale Stefano Mai hanno continuato a polemizzare tra loro circa la \u201cpaternit\u00e0\u201d di eventuali errori nella procedura di richiesta di risarcimento presentata dalla Regione al governo, i sindaci di Albenga e Ceriale Giorgio Cangiano ed Ennio Fazio hanno ribadito la necessit\u00e0 di ottenere quanto prima i fondi, vitali per la sopravvivenza delle aziende alluvionate.<\/p>\n<p>Dal canto loro, i membri del gruppo del Pd in Regione ritengono necessario che l&#8217;amministrazione regionale faccia chiarezza sulla questione una volta per tutte: \u201cChiediamo che Mai convochi a breve la commissione competente e riferisca al consiglio su questa vicenda. Anche l&#8217;incontro sul tema che si \u00e8 svolto oggi ad Albenga alla presenza dell&#8217;assessore Mai, dell&#8217;onorevole del Pd Franco Vazio e degli agricoltori testimonia la necessit\u00e0 di &#8216;affiancare&#8217; l&#8217;assessore, che evidentemente non ha operato con capacit\u00e0. Ora dobbiamo lavorare per recuperare la grave situazione che si \u00e8 determinata\u201d.<\/p>\n","protected":false},"excerpt":{"rendered":"<p>&#8220;Chiediamo che Mai convochi a breve la commissione competente e riferisca al consiglio su questa vicenda&#8221;<\/p>\n","protected":false},"author":12120,"featured_media":0,"comment_status":"open","ping_status":"closed","sticky":false,"template":"","format":"standard","meta":{"footnotes":""},"categories":[35,31],"tags":[7280,51385],"class_list":["post-397452","post","type-post","status-publish","format-standard","hentry","category-economia","category-politica","tag-danni-alluvionali","tag-pd-liguria","post_cat_citta-albenga","post_tag_personaggi-franco-vazio","post_tag_personaggi-giovanni-barbagallo","post_tag_personaggi-luigi-de-vincenzi","post_tag_personaggi-raffaella-paita","post_tag_personaggi-stefano-mai"],"amp_validity":null,"amp_enabled":true,"_links":{"self":[{"href":"https:\/\/staging.ivg.it\/ediapi\/wp\/v2\/posts\/397452","targetHints":{"allow":["GET"]}}],"collection":[{"href":"https:\/\/staging.ivg.it\/ediapi\/wp\/v2\/posts"}],"about":[{"href":"https:\/\/staging.ivg.it\/ediapi\/wp\/v2\/types\/post"}],"author":[{"embeddable":true,"href":"https:\/\/staging.ivg.it\/ediapi\/wp\/v2\/users\/12120"}],"replies":[{"embeddable":true,"href":"https:\/\/staging.ivg.it\/ediapi\/wp\/v2\/comments?post=397452"}],"version-history":[{"count":0,"href":"https:\/\/staging.ivg.it\/ediapi\/wp\/v2\/posts\/397452\/revisions"}],"wp:attachment":[{"href":"https:\/\/staging.ivg.it\/ediapi\/wp\/v2\/media?parent=397452"}],"wp:term":[{"taxonomy":"category","embeddable":true,"href":"https:\/\/staging.ivg.it\/ediapi\/wp\/v2\/categories?post=397452"},{"taxonomy":"post_tag","embeddable":true,"href":"https:\/\/staging.ivg.it\/ediapi\/wp\/v2\/tags?post=397452"}],"curies":[{"name":"wp","href":"https:\/\/api.w.org\/{rel}","templated":true}]}}