{"id":397362,"date":"2016-11-20T18:52:34","date_gmt":"2016-11-20T17:52:34","guid":{"rendered":"http:\/\/www.ivg.it\/?p=397362"},"modified":"2016-11-20T18:52:34","modified_gmt":"2016-11-20T17:52:34","slug":"referendum-segretario-nazionale-rifondazione-paolo-ferrero-savona-no","status":"publish","type":"post","link":"https:\/\/staging.ivg.it\/2016\/11\/referendum-segretario-nazionale-rifondazione-paolo-ferrero-savona-no\/","title":{"rendered":"Referendum, il segretario nazionale di Rifondazione Paolo Ferrero a Savona per il No"},"content":{"rendered":"<p><strong>Savona.<\/strong> Proseguono le iniziative del Comitato del No per il Referendum costituzionale, per affermare le ragioni di &#8220;un NO sociale, un NO contro le ripercussioni che la controriforma Renzi-Boschi sulla Costituzione potrebbe avere sugli ambiti della vita di tutti i giorni dei cittadini pi\u00f9 indigenti e precari, gi\u00e0 cos\u00ec colpiti dalle politiche del governo: dal Jobs act a &#8220;La buona scuola&#8221;, fino agli attacchi a sanit\u00e0 e sistema pensionistico&#8221;.<\/p>\n<p>&#8220;Proprio questa pessima riformulazione della Carta Costituzionale vuole essere l&#8217;atto conclusivo di un attacco ai diritti delle persone, inserendosi perfettamente tra le &#8216;riforme&#8217; gi\u00e0 citate &#8211; sostiene il segretario provinciale di Rifondazione Comunista, Fabrizio Ferraro &#8211; Il nostro \u00e8 un NO per riaffermare il giorno dopo il voto un cammino unitario a sinistra dentro un contesto di riforme sociali che rimettano al centro il lavoro come cardine fondante della Costituzione repubblicana&#8221;.<\/p>\n<p>Per tutto questo, Paolo Ferrero, Segretario nazionale di Rifondazione Comunista, sar\u00e0 presente alla Societ\u00e0 &#8220;La Generale&#8221; luned\u00ec 21 novembre alle ore 21.00, insieme all&#8217;Avv. Maria Gabriella Branca, coordinatrice provinciale del Comitato per il NO &#8211; Savona e Samuele Rago, presidente provinciale dell&#8217;Anpi. La cittadinanza \u00e8 invitata a partecipare. <\/p>\n","protected":false},"excerpt":{"rendered":"<p>Savona. Proseguono le iniziative del Comitato del No per il Referendum costituzionale, per affermare le ragioni di &#8220;un NO sociale, un NO contro le ripercussioni che la controriforma Renzi-Boschi sulla Costituzione potrebbe avere sugli ambiti della vita di tutti i giorni dei cittadini pi\u00f9 indigenti e precari, gi\u00e0 cos\u00ec colpiti dalle politiche del governo: dal [&hellip;]<\/p>\n","protected":false},"author":10593,"featured_media":0,"comment_status":"open","ping_status":"closed","sticky":false,"template":"","format":"standard","meta":{"footnotes":""},"categories":[31],"tags":[83865,367],"class_list":["post-397362","post","type-post","status-publish","format-standard","hentry","category-politica","tag-referendum-costituzionale","tag-rifondazione-comunista","post_cat_citta-savona","post_tag_personaggi-paolo-ferrero"],"amp_validity":null,"amp_enabled":true,"_links":{"self":[{"href":"https:\/\/staging.ivg.it\/ediapi\/wp\/v2\/posts\/397362","targetHints":{"allow":["GET"]}}],"collection":[{"href":"https:\/\/staging.ivg.it\/ediapi\/wp\/v2\/posts"}],"about":[{"href":"https:\/\/staging.ivg.it\/ediapi\/wp\/v2\/types\/post"}],"author":[{"embeddable":true,"href":"https:\/\/staging.ivg.it\/ediapi\/wp\/v2\/users\/10593"}],"replies":[{"embeddable":true,"href":"https:\/\/staging.ivg.it\/ediapi\/wp\/v2\/comments?post=397362"}],"version-history":[{"count":0,"href":"https:\/\/staging.ivg.it\/ediapi\/wp\/v2\/posts\/397362\/revisions"}],"wp:attachment":[{"href":"https:\/\/staging.ivg.it\/ediapi\/wp\/v2\/media?parent=397362"}],"wp:term":[{"taxonomy":"category","embeddable":true,"href":"https:\/\/staging.ivg.it\/ediapi\/wp\/v2\/categories?post=397362"},{"taxonomy":"post_tag","embeddable":true,"href":"https:\/\/staging.ivg.it\/ediapi\/wp\/v2\/tags?post=397362"}],"curies":[{"name":"wp","href":"https:\/\/api.w.org\/{rel}","templated":true}]}}