{"id":39736,"date":"2008-11-05T11:13:14","date_gmt":"2008-11-05T10:13:14","guid":{"rendered":"http:\/\/www.ivg.it\/2008\/11\/05\/albenga-conto-alla-rovescia-per-su-la-testa\/"},"modified":"2008-11-06T08:01:46","modified_gmt":"2008-11-06T07:01:46","slug":"albenga-conto-alla-rovescia-per-su-la-testa","status":"publish","type":"post","link":"https:\/\/staging.ivg.it\/2008\/11\/albenga-conto-alla-rovescia-per-su-la-testa\/","title":{"rendered":"Albenga, conto alla rovescia per &#8220;Su la testa&#8221;"},"content":{"rendered":"<p><strong>[thumb:9592:l]Albenga.<\/strong> Tutto pronto per la terza edizione di &#8220;Su la testa&#8221;, la tre giorni albenganese, in programma dal 27 al 29 novembre presso il cinema Ambra, che punta a vivacizzare, valorizzare e promuovere il territorio come crocevia di scambio tra artisti di diversa provenienza ma legati dal criterio della qualit\u00e0 e dell&#8217;originalit\u00e0 della proposta.<\/p>\n<p>Variegato il calendario del festival. Gioved\u00ec 27 novembre si esibiranno Francesco Baccini, celebre cantautore genovese, Max Manfredi, che presenter\u00e0 il suo nuovo disco &#8220;Luna persa&#8221;, e Jack Harris, giovane cantautore gallese.<\/p>\n<p>Venerd\u00ec 28 novembre calcheranno le scene Wendy Colonna, cantante folk statunitense, il gruppo &#8220;I belli fulminati nel bosco&#8221;, band che si riunisce dopo aver gi\u00e0 stupito, anni fa, pezzi improntati al divertimento e alla goliardia, e Beatrice Antolini, giovane talento che presenta l&#8217;ultimo suo album &#8220;A due&#8221;.<\/p>\n<p>Nell&#8217;ultima serata, sabato 29 novembre, si esibiranno John Pointer, polistrumentista americano, vero e proprio &#8220;one man band&#8221;, Esmeralda e &#8220;Il barrio elettrico&#8221;, con una selezione di musica etnica, e Gianpiero Alloisio con Edmondo Romano, che riproporranno successi di Guccini e Gaber.<\/p>\n<p>Ogni serata sar\u00e0 impreziosita dalle improvvisazioni degli attori della compagnia teatrale &#8220;La Valigia del Comico&#8221; e da una scoppiettante presentazione curata dai ragazzi dello staff.<\/p>\n<p>La manifestazione \u00e8 organizzata dall&#8217;associazione culturale &#8220;ZOO&#8221; con il patrocinio del Comune di Albenga, della Provincia di Savona e della Regione Liguria e il sostegno di importanti aziende ed esercizi commerciali operanti sul territorio. Il centro storico della citt\u00e0 interagir\u00e0 con il festival con iniziative collaterali che coinvolgeranno le tre giornate ingaune; \u00e8 inoltre previsto un animato dopofestival in linea con le passate edizioni.<\/p>\n","protected":false},"excerpt":{"rendered":"<p>[thumb:9592:l]Albenga. Tutto pronto per la terza edizione di &#8220;Su la testa&#8221;, la tre giorni albenganese, in programma dal 27 al 29 novembre presso il cinema Ambra, che punta a vivacizzare, valorizzare e promuovere il territorio come crocevia di scambio tra artisti di diversa provenienza ma legati dal criterio della qualit\u00e0 e dell&#8217;originalit\u00e0 della proposta. Variegato [&hellip;]<\/p>\n","protected":false},"author":13744,"featured_media":0,"comment_status":"open","ping_status":"closed","sticky":false,"template":"","format":"standard","meta":{"footnotes":""},"categories":[],"tags":[85841,1896,2016],"class_list":["post-39736","post","type-post","status-publish","format-standard","hentry","tag-albenga","tag-manifestazione-culturale","tag-su-la-testa","post_cat_citta-albenga"],"amp_validity":null,"amp_enabled":true,"_links":{"self":[{"href":"https:\/\/staging.ivg.it\/ediapi\/wp\/v2\/posts\/39736","targetHints":{"allow":["GET"]}}],"collection":[{"href":"https:\/\/staging.ivg.it\/ediapi\/wp\/v2\/posts"}],"about":[{"href":"https:\/\/staging.ivg.it\/ediapi\/wp\/v2\/types\/post"}],"author":[{"embeddable":true,"href":"https:\/\/staging.ivg.it\/ediapi\/wp\/v2\/users\/13744"}],"replies":[{"embeddable":true,"href":"https:\/\/staging.ivg.it\/ediapi\/wp\/v2\/comments?post=39736"}],"version-history":[{"count":0,"href":"https:\/\/staging.ivg.it\/ediapi\/wp\/v2\/posts\/39736\/revisions"}],"wp:attachment":[{"href":"https:\/\/staging.ivg.it\/ediapi\/wp\/v2\/media?parent=39736"}],"wp:term":[{"taxonomy":"category","embeddable":true,"href":"https:\/\/staging.ivg.it\/ediapi\/wp\/v2\/categories?post=39736"},{"taxonomy":"post_tag","embeddable":true,"href":"https:\/\/staging.ivg.it\/ediapi\/wp\/v2\/tags?post=39736"}],"curies":[{"name":"wp","href":"https:\/\/api.w.org\/{rel}","templated":true}]}}