{"id":397257,"date":"2016-11-18T13:36:40","date_gmt":"2016-11-18T12:36:40","guid":{"rendered":"http:\/\/www.ivg.it\/?p=397257"},"modified":"2016-11-18T13:38:34","modified_gmt":"2016-11-18T12:38:34","slug":"albisola-pallavolo-le-telecamere-rai-3-sulla-realta-sportiva-testa-alle-classifiche-savonesi","status":"publish","type":"post","link":"https:\/\/staging.ivg.it\/2016\/11\/albisola-pallavolo-le-telecamere-rai-3-sulla-realta-sportiva-testa-alle-classifiche-savonesi\/","title":{"rendered":"Albisola Pallavolo, le telecamere di Rai 3 su una realt\u00e0 sportiva in costante crescita"},"content":{"rendered":"<p><strong>Albisola Superiore.<\/strong> Ieri, gioved\u00ec 16 novembre, il giornalista Giglioli di Rai 3 ha fatto visita alla societ\u00e0<strong> Albisola Pallavolo<\/strong> con la curiosit\u00e0 di conoscere meglio questa <strong>realt\u00e0 sportiva, in costante crescita.<\/strong><\/p>\n<p>Il servizio ha visto intervistati il presidente della societ\u00e0<strong> Nerino Lo Bartolo<\/strong>, il vicepresidente <strong>Marco Rossi<\/strong>, nonch\u00e8 presidente provinciale Fipav, l&#8217;allenatore della prima squadra femminile<strong> Matteo Zanoni<\/strong> e alcune ragazze della B2.<\/p>\n<p>&#8220;<strong>L&#8217;Albisola Pallavolo \u00e8 una forte realt\u00e0 sportiva, presente con costanza e tenacia sul territorio da tanti anni<\/strong> &#8211; spiega Nerino Lo Bartolo -. E&#8217; stato bello e appagante ascoltare le opinioni delle nostre ragazze intervistate da Rai 3, di come si sentono in famiglia qui nel nostro gruppo, di quanto sono felici di essere non solo sportive ma anche amiche, di come sono cresciute all&#8217;interno della societ\u00e0. <strong>Dieci su dodici di queste nostre ragazze sono del vivaio dell&#8217;Albisola, una crescita e un percorso che le ragazze vivono e assorbono sin dagli inizi della loro attivit\u00e0 sportiva<\/strong>&#8220;.<\/p>\n<p>Tra le tante domande del giornalista di Rai 3 c&#8217;\u00e8 anche &#8220;Cosa si aspetta l&#8217;Albisola Pallavolo dal proprio futuro?&#8221;. Nerino Lo Bartolo ha risposto con il sorriso, dichiarando che l&#8217;aspettativa sportiva \u00e8 sicuramente quella di mantenere la categoria, puntando pi\u00f9 in alto possibile, ambendo ad una B1 che non sembra cos\u00ec lontana. Ha per\u00f2 anche precisato che l&#8217;Albisola Pallavolo si fonda soprattutto su un percorso di crescita non solo sportiva ma soprattutto umana: &#8220;<strong>Vogliamo trasmettere ai nostri ragazzi e ragazze l&#8217;amore, la passione e il rispetto verso il gruppo, l&#8217;essere squadra e il crescere insieme<\/strong>&#8220;.<\/p>\n","protected":false},"excerpt":{"rendered":"<p>Riflettori sulle ragazze della Serie B2<\/p>\n","protected":false},"author":18,"featured_media":0,"comment_status":"open","ping_status":"closed","sticky":false,"template":"","format":"standard","meta":{"footnotes":""},"categories":[399,32],"tags":[2099,85997,3678],"class_list":["post-397257","post","type-post","status-publish","format-standard","hentry","category-pallavolo","category-sport","tag-albisola-pallavolo","tag-pallavolo","tag-serie-b2","post_cat_citta-albisola-superiore","post_tag_personaggi-marco-rossi","post_tag_personaggi-matteo-zanoni","post_tag_personaggi-nerino-lo-bartolo"],"amp_validity":null,"amp_enabled":true,"_links":{"self":[{"href":"https:\/\/staging.ivg.it\/ediapi\/wp\/v2\/posts\/397257","targetHints":{"allow":["GET"]}}],"collection":[{"href":"https:\/\/staging.ivg.it\/ediapi\/wp\/v2\/posts"}],"about":[{"href":"https:\/\/staging.ivg.it\/ediapi\/wp\/v2\/types\/post"}],"author":[{"embeddable":true,"href":"https:\/\/staging.ivg.it\/ediapi\/wp\/v2\/users\/18"}],"replies":[{"embeddable":true,"href":"https:\/\/staging.ivg.it\/ediapi\/wp\/v2\/comments?post=397257"}],"version-history":[{"count":0,"href":"https:\/\/staging.ivg.it\/ediapi\/wp\/v2\/posts\/397257\/revisions"}],"wp:attachment":[{"href":"https:\/\/staging.ivg.it\/ediapi\/wp\/v2\/media?parent=397257"}],"wp:term":[{"taxonomy":"category","embeddable":true,"href":"https:\/\/staging.ivg.it\/ediapi\/wp\/v2\/categories?post=397257"},{"taxonomy":"post_tag","embeddable":true,"href":"https:\/\/staging.ivg.it\/ediapi\/wp\/v2\/tags?post=397257"}],"curies":[{"name":"wp","href":"https:\/\/api.w.org\/{rel}","templated":true}]}}