{"id":397209,"date":"2016-11-17T18:47:34","date_gmt":"2016-11-17T17:47:34","guid":{"rendered":"http:\/\/www.ivg.it\/?p=397209"},"modified":"2016-11-17T18:59:44","modified_gmt":"2016-11-17T17:59:44","slug":"sanita-m5s-allattacco-nel-2016-la-regione-risparmia-sulla-pelle-dei-cittadini","status":"publish","type":"post","link":"https:\/\/staging.ivg.it\/2016\/11\/sanita-m5s-allattacco-nel-2016-la-regione-risparmia-sulla-pelle-dei-cittadini\/","title":{"rendered":"Sanit\u00e0, M5S all&#8217;attacco: &#8220;Nel 2016 la Regione risparmia sulla pelle dei cittadini&#8221;"},"content":{"rendered":"<p><strong>Liguria.<\/strong> &#8220;Preoccupante il disavanzo di bilancio sulla sanit\u00e0 ligure per l&#8217;anno corrente. Era atteso un -119 milioni di euro ed invece, tra il secondo e il terzo trimestre dell&#8217;anno, c&#8217;\u00e8 stata una contrazione di 21 milioni, correggendo cos\u00ec il disavanzo a -98 milioni di euro&#8221;. Lo afferma Francesco Battistini, portavoce MoVimento 5 Stelle in Regione Liguria al termine della commissione sanit\u00e0.<\/p>\n<p>&#8220;Tra le varie preoccupazioni che ci spingono a monitorare con attenzione l&#8217;area relativa alla Sanit\u00e0 \u00e8 che, ad aver subito una contrazione considerevole, \u00e8 la spesa per il personale. La quota di bilancio prevista sul personale si \u00e8 ridotta di 4 milioni di euro e, con un rapporto di 3 a 1, la riduzione ha riguardato non tanto il personale amministrativo ma quello medico&#8221;.<\/p>\n<p>&#8220;Cosa significa? Che a fronte di pensionamenti od uscite di figure mediche dal nostro Sistema Sanitario esse non sono state reintegrate e, col blocco sostanziale delle assunzioni suggerito dal nuovo Direttore Generale di A.Li.Sa. Locatelli, da qui a fine anno i nostri pazienti, ma anche il personale in servizio, dovranno stringere i denti e subire: da un lato disservizi e liste d&#8217;attesa con situazioni che certamente non miglioreranno e, dall&#8217;altro, un personale sanitario pi\u00f9 stanco, pi\u00f9 stressato e con carichi di lavoro pi\u00f9 pesanti. Una politica sanitaria, dunque, che francamente possiamo definire inaccettabile!&#8221; conclude l&#8217;esponente del M5S.<\/p>\n","protected":false},"excerpt":{"rendered":"<p>Liguria. &#8220;Preoccupante il disavanzo di bilancio sulla sanit\u00e0 ligure per l&#8217;anno corrente. Era atteso un -119 milioni di euro ed invece, tra il secondo e il terzo trimestre dell&#8217;anno, c&#8217;\u00e8 stata una contrazione di 21 milioni, correggendo cos\u00ec il disavanzo a -98 milioni di euro&#8221;. Lo afferma Francesco Battistini, portavoce MoVimento 5 Stelle in Regione [&hellip;]<\/p>\n","protected":false},"author":4,"featured_media":0,"comment_status":"open","ping_status":"closed","sticky":false,"template":"","format":"standard","meta":{"footnotes":""},"categories":[31],"tags":[44585],"class_list":["post-397209","post","type-post","status-publish","format-standard","hentry","category-politica","tag-m5s","post_tag_personaggi-francesco-battistini"],"amp_validity":null,"amp_enabled":true,"_links":{"self":[{"href":"https:\/\/staging.ivg.it\/ediapi\/wp\/v2\/posts\/397209","targetHints":{"allow":["GET"]}}],"collection":[{"href":"https:\/\/staging.ivg.it\/ediapi\/wp\/v2\/posts"}],"about":[{"href":"https:\/\/staging.ivg.it\/ediapi\/wp\/v2\/types\/post"}],"author":[{"embeddable":true,"href":"https:\/\/staging.ivg.it\/ediapi\/wp\/v2\/users\/4"}],"replies":[{"embeddable":true,"href":"https:\/\/staging.ivg.it\/ediapi\/wp\/v2\/comments?post=397209"}],"version-history":[{"count":0,"href":"https:\/\/staging.ivg.it\/ediapi\/wp\/v2\/posts\/397209\/revisions"}],"wp:attachment":[{"href":"https:\/\/staging.ivg.it\/ediapi\/wp\/v2\/media?parent=397209"}],"wp:term":[{"taxonomy":"category","embeddable":true,"href":"https:\/\/staging.ivg.it\/ediapi\/wp\/v2\/categories?post=397209"},{"taxonomy":"post_tag","embeddable":true,"href":"https:\/\/staging.ivg.it\/ediapi\/wp\/v2\/tags?post=397209"}],"curies":[{"name":"wp","href":"https:\/\/api.w.org\/{rel}","templated":true}]}}