{"id":396578,"date":"2016-11-09T08:14:08","date_gmt":"2016-11-09T07:14:08","guid":{"rendered":"http:\/\/www.ivg.it\/?p=396578"},"modified":"2016-11-09T08:19:48","modified_gmt":"2016-11-09T07:19:48","slug":"consiglio-lindipendenza-zuccarello-sindaco-maggioranza-estranea-alla-petizione","status":"publish","type":"post","link":"https:\/\/staging.ivg.it\/2016\/11\/consiglio-lindipendenza-zuccarello-sindaco-maggioranza-estranea-alla-petizione\/","title":{"rendered":"In consiglio l&#8217;indipendenza di Zuccarello, il sindaco: &#8220;Maggioranza estranea alla petizione&#8221;"},"content":{"rendered":"<p><strong>Zuccarello.<\/strong> All&#8217;ingresso del paese il cartello c&#8217;\u00e8 ed \u00e8 in bella mostra: &#8220;Marchesato&#8221;. Sotto ci sono altre due insegne prestigiose, quella del centro storico che indica come raggiungere il borgo medievale e quindi quella di uno dei borghi pi\u00f9 belli d&#8217;Italia.<\/p>\n<p>Il paese alle spalle di Albenga \u00e8 sempre pi\u00f9 indipendente in attesa per\u00f2 del &#8220;benestare&#8221; dell&#8217;Ue. E ieri sera in consiglio comunale si \u00e8 parlato proprio di indipendenza con un&#8217;interrogazione portata da Giuliano Ratti (lista civica) che chiedeva alla maggioranza il suo &#8220;pensiero&#8221; a proposito dell&#8217;indipendenza. Il sindaco Claudio Paliotto ha risposto che &#8220;per la storia petizione la maggioranza \u00e8 estranea&#8221;. Il primo cittadino, tuttavia, sull&#8217;onda di questa iniziativa ha sottolineato che &#8220;su Zuccarello c&#8217;\u00e8 stato un forte interesse mediatico e un picco elevato di presenze di curiosi e turisti che hanno voluto conoscere da vicino questa realt\u00e0&#8221;. <div class=\"single-img-content-container fullwidth-single shortcode standard\">\n    <div class=\"image_container\" style=\"text-align: center;\">\n        <picture class=\" lazyload\"><img loading=\"lazy\" class=\"lazy\" data-srcset=\"https:\/\/www.ivg.it\/photogallery_new\/images\/2016\/11\/zuccarello-367596.jpg 1024w, https:\/\/www.ivg.it\/photogallery_new\/images\/2016\/11\/zuccarello-367596.jpg 970w, https:\/\/www.ivg.it\/photogallery_new\/images\/2016\/11\/zuccarello-367596.jpg 660w, https:\/\/www.ivg.it\/photogallery_new\/images\/2016\/11\/zuccarello-367596.jpg 316w, https:\/\/www.ivg.it\/photogallery_new\/images\/2016\/11\/zuccarello-367596.jpg 150w\"  data-src=\"https:\/\/www.ivg.it\/photogallery_new\/images\/2016\/11\/zuccarello-367596.jpg\" alt=\"zuccarello\" \/><\/picture>\r\n\n    <\/div>\n    <\/div>\n<\/p>\n<p>Luca Gardella, consigliere comunale tra i promotori della petizione con cui questo piccolo borgo di trecento anime ha chiesto all\u2019Unione Europea il riconoscimento di autonomia ed indipendenza, si \u00e8 detto soddisfatto dell&#8217;interrogazione portata in assemblea dalla minoranza: &#8220;Permette di chiarire le varie posizioni in consiglio &#8211; ha detto leggendo un documento &#8211; La petizione inviata all&#8217;Ue ha un funzione perlustrativa per valutarne le competenze. Una cosa \u00e8 certa: autorit\u00e0, sovranit\u00e0 popolare e meritocrazia \u00a0sono termini che verranno presto cancellati dal vocabolario. Zuccarello invece potrebbe conservare queste parole facendoli diventare un prototipo di societ\u00e0 dove il protagonista sar\u00e0 il cittadino&#8221;.<\/p>\n<p>Dunque il consigliere continua la sua opera di studio e di conoscenza. &#8220;Questo era un\u00a0marchesato all\u2019epoca di Scipione del Carretto (fine 500) quando le rocambolesche vicende della storia lo portarono sotto il giogo sabaudo &#8211; dice &#8211; Ingiustamente e senza alcuna documentazione storicamente o giuridicamente valida.Se la richiesta venisse accolta bisognerebbe probabilmente verificare la volont\u00e0 della popolazione di 20 o 25 comuni tra le vallate ingaune, un pezzo dell\u2019imperiese, parte della Valbormida e lo spicchio di Piemonte dove c\u2019\u00e8 Ormea che con il suo lago potrebbe far dimenticare la mancanza di una accesso al mare&#8221;.<\/p>\n<p>&nbsp;<\/p>\n<p>&nbsp;<\/p>\n","protected":false},"excerpt":{"rendered":"<p>Il consigliere di maggioranza Gardella \u00e8 sempre pi\u00f9 convinto dell&#8217;autonomia del paese e attende risposte dall&#8217;Ue<\/p>\n","protected":false},"author":12291,"featured_media":0,"comment_status":"open","ping_status":"closed","sticky":false,"template":"","format":"standard","meta":{"footnotes":""},"categories":[56],"tags":[89283,2618],"class_list":["post-396578","post","type-post","status-publish","format-standard","hentry","category-altre","tag-marchesato-di-zuccarello","tag-unione-europea","post_cat_citta-zuccarello","post_tag_personaggi-claudio-paliotto","post_tag_personaggi-luca-gardella"],"amp_validity":null,"amp_enabled":true,"_links":{"self":[{"href":"https:\/\/staging.ivg.it\/ediapi\/wp\/v2\/posts\/396578","targetHints":{"allow":["GET"]}}],"collection":[{"href":"https:\/\/staging.ivg.it\/ediapi\/wp\/v2\/posts"}],"about":[{"href":"https:\/\/staging.ivg.it\/ediapi\/wp\/v2\/types\/post"}],"author":[{"embeddable":true,"href":"https:\/\/staging.ivg.it\/ediapi\/wp\/v2\/users\/12291"}],"replies":[{"embeddable":true,"href":"https:\/\/staging.ivg.it\/ediapi\/wp\/v2\/comments?post=396578"}],"version-history":[{"count":0,"href":"https:\/\/staging.ivg.it\/ediapi\/wp\/v2\/posts\/396578\/revisions"}],"wp:attachment":[{"href":"https:\/\/staging.ivg.it\/ediapi\/wp\/v2\/media?parent=396578"}],"wp:term":[{"taxonomy":"category","embeddable":true,"href":"https:\/\/staging.ivg.it\/ediapi\/wp\/v2\/categories?post=396578"},{"taxonomy":"post_tag","embeddable":true,"href":"https:\/\/staging.ivg.it\/ediapi\/wp\/v2\/tags?post=396578"}],"curies":[{"name":"wp","href":"https:\/\/api.w.org\/{rel}","templated":true}]}}