{"id":396222,"date":"2016-11-04T08:35:24","date_gmt":"2016-11-04T07:35:24","guid":{"rendered":"http:\/\/www.ivg.it\/?p=396222"},"modified":"2016-11-04T08:56:44","modified_gmt":"2016-11-04T07:56:44","slug":"ladri-azione-nel-ponente-svaligiati-appartamenti-calvisio-perti-furti-campagna-loano","status":"publish","type":"post","link":"https:\/\/staging.ivg.it\/2016\/11\/ladri-azione-nel-ponente-svaligiati-appartamenti-calvisio-perti-furti-campagna-loano\/","title":{"rendered":"Ladri in azione nel ponente: svaligiati appartamenti a Calvisio e Perti, furti in campagna a Loano"},"content":{"rendered":"<p><strong>Finale\/Loano.<\/strong> &#8220;Purtroppo questa volta \u00e8 toccata a noi. Dopo 15 anni che viviamo in questa casa illesi, <strong>questa sera sono entrati i ladri<\/strong>, dalle 17 alle 19 <strong>mentre portavamo\u00a0a passeggio il nipotino<\/strong>&#8220;. Questo l&#8217;amaro annuncio comparso qualche ora fa sui social network da parte di una finalese: a corredo una sequenza di fotografie della porta d&#8217;ingresso con il vetro sfondato nel loro alloggio di <strong>Calvisio<\/strong>.<div class=\"single-img-content-container fullwidth-single shortcode standard\">\n    <div class=\"image_container\" style=\"text-align: center;\">\n        <picture class=\" lazyload\"><img loading=\"lazy\" class=\"lazy\" data-srcset=\"https:\/\/www.ivg.it\/photogallery_new\/images\/2016\/11\/furto-vetro-sfondato-366928.jpg 1024w, https:\/\/www.ivg.it\/photogallery_new\/images\/2016\/11\/furto-vetro-sfondato-366928.jpg 970w, https:\/\/www.ivg.it\/photogallery_new\/images\/2016\/11\/furto-vetro-sfondato-366928.jpg 660w, https:\/\/www.ivg.it\/photogallery_new\/images\/2016\/11\/furto-vetro-sfondato-366928.jpg 316w, https:\/\/www.ivg.it\/photogallery_new\/images\/2016\/11\/furto-vetro-sfondato-366928.jpg 150w\"  data-src=\"https:\/\/www.ivg.it\/photogallery_new\/images\/2016\/11\/furto-vetro-sfondato-366928.jpg\" alt=\"furto vetro sfondato\" \/><\/picture>\r\n\n    <\/div>\n    <\/div>\n<\/p>\n<p>I ladri una volta all&#8217;interno hanno portato via, come al solito, preziosi ed oggetti tecnologici. In un caso, per far prima, hanno p<strong>ortato via direttamente il cassetto del mobile<\/strong> in cui erano custodite le collane raccolte dalla donna nel corso di diversi viaggi. &#8220;Non hanno portato via nulla di molto prezioso &#8211; \u00e8 l&#8217;amara ironia della derubata &#8211; un anello e delle mie collane di perle e corallo, ma soprattutto non il mio pc, il tablet e la telecamera, i miei preziosi strumenti di lavoro!!&#8221;. Ed il bilancio avrebbe potuto essere peggiore, se la vittima non fosse stata previdente: &#8220;Ormai da anni teniamo tutto in banca, a casa abbiamo solo cose di poco valore&#8221;.<div class=\"single-img-content-container fullwidth-single shortcode standard\">\n    <div class=\"image_container\" style=\"text-align: center;\">\n        <picture class=\" lazyload\"><img loading=\"lazy\" class=\"lazy\" data-srcset=\"https:\/\/www.ivg.it\/photogallery_new\/images\/2016\/11\/maltempo-366929.jpg 1024w, https:\/\/www.ivg.it\/photogallery_new\/images\/2016\/11\/maltempo-366929.jpg 970w, https:\/\/www.ivg.it\/photogallery_new\/images\/2016\/11\/maltempo-366929.jpg 660w, https:\/\/www.ivg.it\/photogallery_new\/images\/2016\/11\/maltempo-366929.jpg 316w, https:\/\/www.ivg.it\/photogallery_new\/images\/2016\/11\/maltempo-366929.jpg 150w\"  data-src=\"https:\/\/www.ivg.it\/photogallery_new\/images\/2016\/11\/maltempo-366929.jpg\" alt=\"Maltempo\" \/><\/picture>\r\n\n    <\/div>\n    <\/div>\n<\/p>\n<p>Come sempre in questi casi, all&#8217;amarezza per il furto subito si sovrappone la consapevolezza del rischio corso: &#8220;Io <strong>stavo rientrando a casa da sola<\/strong> &#8211; racconta la donna &#8211; <strong>ma non avevo le chiavi ed ho aspettato in macchina che arrivasse mio marito. Nel frattempo sono scappati. Il rischio in questi casi \u00e8 che se entrano e si \u00e8 in casa ti menano pure, fortunatamente eravamo fuori<\/strong>&#8220;.<\/p>\n<p>Ma nelle ultime ore segnalazioni simili sono comparse ripetutamente sui social. <strong>Un altro colpo \u00e8 stato messo a segno ieri mattina intorno alle 10 a Perti Alto<\/strong>: &#8220;Hanno appena <strong>rubato da mia mamma e mia nonna<\/strong> &#8211; scriveva ieri pomeriggio la derubata &#8211; Sono venuti i carabinieri&#8230; hanno detto che era da un po&#8217; che non vedevano ladri che facevano cos\u00ec tanto casino. Sono zingari<strong> a bordo di una Focus grigia<\/strong>&#8220;.<\/p>\n<p><strong>Un&#8217;altra segnalazione arriva da Loano<\/strong>: &#8220;Dei ladri hanno <strong>rubato nella campagna di mio padre<\/strong>, situata tra Verzi e Santa Libera. Hanno agito con la luce del sole perch\u00e9 l\u00ec non c&#8217;\u00e8 corrente, hanno scassinato lucchetti e serrature di cancello e piccola baracca portandosi via un po&#8217; di tutto, dalle patate alle mele ma anche attrezzi di lavoro e teglie di rame (quelle per la pizza che proprio poco non costano!). \u00c8 stata fatta denuncia e ci hanno detto che in questi giorni hanno colpito gi\u00e0 diversi altri contadini; da noi \u00e8 la seconda volta in un mese&#8221;.<\/p>\n<p>Sempre stando agli avvertimenti dei cittadini su Facebook per\u00f2 sarebbe stato preso di mira un po&#8217; tutto l&#8217;entroterra: <strong>la scorsa settimana<\/strong> ad esempio ci sarebbero verificati dei <strong>furti a Rialto<\/strong>, dove sarebbe stata segnalata nuovamente la Focus grigia. Una raffica di colpi che suscita commenti amari: &#8220;Mi dispiace, so cosa si prova &#8211; racconta una mamma &#8211; 2 volte casa, 2 volte negozio mio, 3 da negozio di mio marito&#8230;&#8221;.<\/p>\n","protected":false},"excerpt":{"rendered":"<p>Molte segnalazioni parlano di una Focus grigia che i ladri userebbero per spostarsi nell&#8217;entroterra ponentino<\/p>\n","protected":false},"author":10593,"featured_media":0,"comment_status":"open","ping_status":"closed","sticky":false,"template":"","format":"standard","meta":{"footnotes":""},"categories":[45296,34],"tags":[25489],"class_list":["post-396222","post","type-post","status-publish","format-standard","hentry","category-copertina","category-cronaca","tag-furti-in-appartamento","post_cat_citta-finale-ligure","post_cat_citta-loano"],"amp_validity":null,"amp_enabled":true,"_links":{"self":[{"href":"https:\/\/staging.ivg.it\/ediapi\/wp\/v2\/posts\/396222","targetHints":{"allow":["GET"]}}],"collection":[{"href":"https:\/\/staging.ivg.it\/ediapi\/wp\/v2\/posts"}],"about":[{"href":"https:\/\/staging.ivg.it\/ediapi\/wp\/v2\/types\/post"}],"author":[{"embeddable":true,"href":"https:\/\/staging.ivg.it\/ediapi\/wp\/v2\/users\/10593"}],"replies":[{"embeddable":true,"href":"https:\/\/staging.ivg.it\/ediapi\/wp\/v2\/comments?post=396222"}],"version-history":[{"count":0,"href":"https:\/\/staging.ivg.it\/ediapi\/wp\/v2\/posts\/396222\/revisions"}],"wp:attachment":[{"href":"https:\/\/staging.ivg.it\/ediapi\/wp\/v2\/media?parent=396222"}],"wp:term":[{"taxonomy":"category","embeddable":true,"href":"https:\/\/staging.ivg.it\/ediapi\/wp\/v2\/categories?post=396222"},{"taxonomy":"post_tag","embeddable":true,"href":"https:\/\/staging.ivg.it\/ediapi\/wp\/v2\/tags?post=396222"}],"curies":[{"name":"wp","href":"https:\/\/api.w.org\/{rel}","templated":true}]}}