{"id":396121,"date":"2016-11-02T14:39:29","date_gmt":"2016-11-02T13:39:29","guid":{"rendered":"http:\/\/www.ivg.it\/?p=396121"},"modified":"2016-11-02T14:39:29","modified_gmt":"2016-11-02T13:39:29","slug":"un-bando-lacquisto-arnie-vaccarezza-settore-valorizzare","status":"publish","type":"post","link":"https:\/\/staging.ivg.it\/2016\/11\/un-bando-lacquisto-arnie-vaccarezza-settore-valorizzare\/","title":{"rendered":"Un bando per l&#8217;acquisto di arnie, Vaccarezza: &#8220;Settore da valorizzare&#8221;"},"content":{"rendered":"<p><strong>Regione.<\/strong> Prende il via il bando della Regione Liguria approvato grazie alla delibera di Giunta numero 1000 del 28 ottobre che mette a disposizione quarantacinque mila euro per l&#8217;acquisto di arnie. A beneficiare del bando saranno gli apicoltori liguri che potranno farne domanda all&#8217;ente.<\/p>\n<p>&#8220;La peculiarit\u00e0 di questo bando che va a sostenere un importante settore \u00e8 che la priorit\u00e0 sar\u00e0 data ai giovani apicoltori, agli apicoltori con partita Iva, con laboratorio di smielatura registrato e apicoltori biologici \u2013 spiega il presidente del gruppo consiliare Forza Italia in Regione Liguria, Angelo Vaccarezza \u2013 se tutti i fondi stanziati dalla Giunta andranno esauriti, si prevede un aumento del patrimonio apistico regionale del 4% circa. Ecco perch\u00e9 invito tutti coloro che ne hanno diritto a iscriversi al bando: \u00e8 molto importante che tutte le risorse del nostro splendido territorio siano valorizzate al massimo e nel rispetto dell&#8217;ambiente&#8221;.<\/p>\n<p>Il bando scadr\u00e0 alle ore 12 di venerd\u00ec 9 dicembre e potranno partecipare tutti gli apicoltori con almeno quindici arnie, in regola con l&#8217;iscrizione all&#8217;anagrafe nazionale. &#8220;Sono acquistabili circa millecento arnie anti Varroa, l&#8217;acaro parassita incubo degli apicoltori. Il bando serve anche a tutelare la produzione di miele ligure che potrebbe essere danneggiata dal parassita che attacca le api&#8221; conclude il capogruppo di Forza Italia.<\/p>\n","protected":false},"excerpt":{"rendered":"<p>Scadr\u00e0 alle ore 12 di venerd\u00ec 9 dicembre<\/p>\n","protected":false},"author":18,"featured_media":0,"comment_status":"open","ping_status":"closed","sticky":false,"template":"","format":"standard","meta":{"footnotes":""},"categories":[56],"tags":[5923,295],"class_list":["post-396121","post","type-post","status-publish","format-standard","hentry","category-altre","tag-apicoltura","tag-regione","post_cat_citta-provincia","post_tag_personaggi-angelo-vaccarezza"],"amp_validity":null,"amp_enabled":true,"_links":{"self":[{"href":"https:\/\/staging.ivg.it\/ediapi\/wp\/v2\/posts\/396121","targetHints":{"allow":["GET"]}}],"collection":[{"href":"https:\/\/staging.ivg.it\/ediapi\/wp\/v2\/posts"}],"about":[{"href":"https:\/\/staging.ivg.it\/ediapi\/wp\/v2\/types\/post"}],"author":[{"embeddable":true,"href":"https:\/\/staging.ivg.it\/ediapi\/wp\/v2\/users\/18"}],"replies":[{"embeddable":true,"href":"https:\/\/staging.ivg.it\/ediapi\/wp\/v2\/comments?post=396121"}],"version-history":[{"count":0,"href":"https:\/\/staging.ivg.it\/ediapi\/wp\/v2\/posts\/396121\/revisions"}],"wp:attachment":[{"href":"https:\/\/staging.ivg.it\/ediapi\/wp\/v2\/media?parent=396121"}],"wp:term":[{"taxonomy":"category","embeddable":true,"href":"https:\/\/staging.ivg.it\/ediapi\/wp\/v2\/categories?post=396121"},{"taxonomy":"post_tag","embeddable":true,"href":"https:\/\/staging.ivg.it\/ediapi\/wp\/v2\/tags?post=396121"}],"curies":[{"name":"wp","href":"https:\/\/api.w.org\/{rel}","templated":true}]}}