{"id":396114,"date":"2016-11-02T13:32:12","date_gmt":"2016-11-02T12:32:12","guid":{"rendered":"http:\/\/www.ivg.it\/?p=396114"},"modified":"2016-11-02T13:32:12","modified_gmt":"2016-11-02T12:32:12","slug":"savona-incontro-sala-rossa-sulloncologia-mammaria","status":"publish","type":"post","link":"https:\/\/staging.ivg.it\/2016\/11\/savona-incontro-sala-rossa-sulloncologia-mammaria\/","title":{"rendered":"Savona, incontro in Sala Rossa sull&#8217;oncologia mammaria"},"content":{"rendered":"<p><strong>Savona.<\/strong> Sabato 5 novembre alle ore 15.30 nella Sala Rossa del Comune di Savona, si svolger\u00e0 un incontro pubblico organizzato da LILT e rivolto in particolare alla popolazione femminile dal titolo: &#8220;Nuovi sostegni per le donne in oncologia mammaria&#8221;.<\/p>\n<p>Il primo relatore sar\u00e0 il dottor Valentino Durante, chirurgo a prevalente indirizzo senologico presso l&#8217;Ospedale Santa Corona, che illustrer\u00e0 le &#8220;Breast Unit&#8221; ovvero il percorso multidisciplinare ospedaliero (che entrer\u00e0 in funzione nel 2017) in cui convergono vari professionisti per consentire una presa in carico completa delle pazienti con carcinoma mammario.<\/p>\n<p>A seguire interverr\u00e0 la dottoressa Patrizia Matano, chirurgo estetico di Albenga, che illustrer\u00e0 quanto la Medicina Estetica pu\u00f2 essere d&#8217;aiuto alla donna nella cura dei danni e degli inestetismi derivati dalla terapia oncologica.<\/p>\n","protected":false},"excerpt":{"rendered":"<p>Savona. Sabato 5 novembre alle ore 15.30 nella Sala Rossa del Comune di Savona, si svolger\u00e0 un incontro pubblico organizzato da LILT e rivolto in particolare alla popolazione femminile dal titolo: &#8220;Nuovi sostegni per le donne in oncologia mammaria&#8221;. Il primo relatore sar\u00e0 il dottor Valentino Durante, chirurgo a prevalente indirizzo senologico presso l&#8217;Ospedale Santa [&hellip;]<\/p>\n","protected":false},"author":10593,"featured_media":0,"comment_status":"open","ping_status":"closed","sticky":false,"template":"","format":"standard","meta":{"footnotes":""},"categories":[56],"tags":[17076,3606],"class_list":["post-396114","post","type-post","status-publish","format-standard","hentry","category-altre","tag-lilt","tag-oncologia","post_cat_citta-savona","post_tag_personaggi-patrizia-matano","post_tag_personaggi-valentino-durante"],"amp_validity":null,"amp_enabled":true,"_links":{"self":[{"href":"https:\/\/staging.ivg.it\/ediapi\/wp\/v2\/posts\/396114","targetHints":{"allow":["GET"]}}],"collection":[{"href":"https:\/\/staging.ivg.it\/ediapi\/wp\/v2\/posts"}],"about":[{"href":"https:\/\/staging.ivg.it\/ediapi\/wp\/v2\/types\/post"}],"author":[{"embeddable":true,"href":"https:\/\/staging.ivg.it\/ediapi\/wp\/v2\/users\/10593"}],"replies":[{"embeddable":true,"href":"https:\/\/staging.ivg.it\/ediapi\/wp\/v2\/comments?post=396114"}],"version-history":[{"count":0,"href":"https:\/\/staging.ivg.it\/ediapi\/wp\/v2\/posts\/396114\/revisions"}],"wp:attachment":[{"href":"https:\/\/staging.ivg.it\/ediapi\/wp\/v2\/media?parent=396114"}],"wp:term":[{"taxonomy":"category","embeddable":true,"href":"https:\/\/staging.ivg.it\/ediapi\/wp\/v2\/categories?post=396114"},{"taxonomy":"post_tag","embeddable":true,"href":"https:\/\/staging.ivg.it\/ediapi\/wp\/v2\/tags?post=396114"}],"curies":[{"name":"wp","href":"https:\/\/api.w.org\/{rel}","templated":true}]}}