{"id":395958,"date":"2016-10-30T16:03:30","date_gmt":"2016-10-30T15:03:30","guid":{"rendered":"http:\/\/www.ivg.it\/?p=395958"},"modified":"2016-10-30T16:03:30","modified_gmt":"2016-10-30T15:03:30","slug":"fuga-gas-esplodere-la-cabina-un-tir-sosta-sullautostrada","status":"publish","type":"post","link":"https:\/\/staging.ivg.it\/2016\/10\/fuga-gas-esplodere-la-cabina-un-tir-sosta-sullautostrada\/","title":{"rendered":"Fuga di gas fa &#8220;esplodere&#8221; la cabina di un tir in sosta sull&#8217;autostrada"},"content":{"rendered":"<p><strong>Ceriale<\/strong>. Se l&#8217;\u00e8 cavata senza senza ferite per una pura (e fortunata) casualit\u00e0 l&#8217;autotrasportatore proprietario del mezzo che oggi \u00e8 \u201cesploso\u201d mentre era parcheggiato in un&#8217;area di sosta dell&#8217;autostrada A10.<\/p>\n<p>L&#8217;episodio \u00e8 avvenuto intorno alle 14.30 nel parcheggio \u201cPiccaro\u201d, tra i caselli di Albenga e di Borghetto Santo Spirito. Secondo quanto riferito, la cabina dell&#8217;automezzo \u00e8 letteralmente \u201cdetonata\u201d gettando nel panico gli altri viaggiatori presenti nel parcheggio.<\/p>\n<p>Sul posto sono intervenuti i vigili del fuoco di Albenga, che hanno accertato come ad originare l&#8217;esplosione sia stata una perdita originatasi dalla bombola di un fornelletto a gas che il trasportatore era solito portare con s\u00e9 per prepararsi piccoli pasti.<\/p>\n<p>La deflagrazione ha mandato in frantumi i vetri dei finestrini del trattore e divelto le portiere. Per fortuna l&#8217;incidente non ha provocato feriti: al momento dell&#8217;esplosione, infatti, l&#8217;autotrasportatore si trovava fuori dall&#8217;abitacolo.<\/p>\n","protected":false},"excerpt":{"rendered":"<p>L&#8217;episodio \u00e8 avvenuto nel parcheggio \u201cPiccaro\u201d, tra i caselli di Albenga e di Borghetto Santo Spirito<\/p>\n","protected":false},"author":12120,"featured_media":0,"comment_status":"open","ping_status":"closed","sticky":false,"template":"","format":"standard","meta":{"footnotes":""},"categories":[45296,34],"tags":[50458,63101],"class_list":["post-395958","post","type-post","status-publish","format-standard","hentry","category-copertina","category-cronaca","tag-autostrada-a10","tag-vigili-del-fuoco-albenga","post_cat_citta-ceriale"],"amp_validity":null,"amp_enabled":true,"_links":{"self":[{"href":"https:\/\/staging.ivg.it\/ediapi\/wp\/v2\/posts\/395958","targetHints":{"allow":["GET"]}}],"collection":[{"href":"https:\/\/staging.ivg.it\/ediapi\/wp\/v2\/posts"}],"about":[{"href":"https:\/\/staging.ivg.it\/ediapi\/wp\/v2\/types\/post"}],"author":[{"embeddable":true,"href":"https:\/\/staging.ivg.it\/ediapi\/wp\/v2\/users\/12120"}],"replies":[{"embeddable":true,"href":"https:\/\/staging.ivg.it\/ediapi\/wp\/v2\/comments?post=395958"}],"version-history":[{"count":0,"href":"https:\/\/staging.ivg.it\/ediapi\/wp\/v2\/posts\/395958\/revisions"}],"wp:attachment":[{"href":"https:\/\/staging.ivg.it\/ediapi\/wp\/v2\/media?parent=395958"}],"wp:term":[{"taxonomy":"category","embeddable":true,"href":"https:\/\/staging.ivg.it\/ediapi\/wp\/v2\/categories?post=395958"},{"taxonomy":"post_tag","embeddable":true,"href":"https:\/\/staging.ivg.it\/ediapi\/wp\/v2\/tags?post=395958"}],"curies":[{"name":"wp","href":"https:\/\/api.w.org\/{rel}","templated":true}]}}