{"id":395890,"date":"2016-10-28T18:57:43","date_gmt":"2016-10-28T16:57:43","guid":{"rendered":"http:\/\/www.ivg.it\/?p=395890"},"modified":"2016-10-28T18:57:43","modified_gmt":"2016-10-28T16:57:43","slug":"ubriaco-escandescenze-perche-la-moglie-lo-lascia-dalla-porta-arrestato","status":"publish","type":"post","link":"https:\/\/staging.ivg.it\/2016\/10\/ubriaco-escandescenze-perche-la-moglie-lo-lascia-dalla-porta-arrestato\/","title":{"rendered":"Ubriaco d\u00e0 in escandescenze perch\u00e9 la moglie lo lascia fuori dalla porta: arrestato"},"content":{"rendered":"<p><strong>Albenga<\/strong>. E&#8217; tornato a casa all&#8217;alba e ubriaco e proprio per questo la moglie non voleva farlo entrare. Cos\u00ec lui \u00e8 andato su tutte le furie e ha tentato di sfondare la porta. Finch\u00e9 non sono arrivati i carabinieri, contro i quali si \u00e8 scagliato prendendoli a pugni.<\/p>\n<p>E&#8217; successo questa mattina in via Cavour ad Albenga. Protagonista <span style=\"font-size: medium;\">B. El H.<\/span><span style=\"font-size: medium;\"> M., marocchino 34enne pregiudicato ed irregolare sul territorio nazionale. <\/span><\/p>\n<p><span style=\"font-size: medium;\">L&#8217;uomo \u00e8 rientrato a casa in evidente stato di ebbrezza. Arrivato sull&#8217;uscio, si \u00e8 ritrovato la porta di casa chiusa a chiave dall&#8217;interno dalla moglie, che non lo voleva fare entrare. Il nord-africano ha tentato di sfondare la porta, ma senza successo.<\/span><\/p>\n<p><span style=\"font-size: medium;\">Altri condomini, preoccupati dalle grida e dal rumore, hanno chiesto l&#8217;intervento delle forze dell&#8217;ordine. Sul posto sono arrivati <\/span>i militari del nucleo radiomobile della compagnia di Albenga. Quando li ha visti, il marocchino si \u00e8 scagliato contro i carabinieri minacciandoli e prendendoli a pugni.<\/p>\n<p>A questo punto sono scattate le manette con le accuse di lesioni e resistenza a pubblico ufficiale. Questa mattina \u00e8 comparso davanti ai giudici del tribunale ad Albenga. Il processo \u00e8 stato rinviato al 29 novembre. Nel frattempo il nord-africano \u00e8 stato scarcerato senza misura cautelare.<\/p>\n","protected":false},"excerpt":{"rendered":"<p>E&#8217; successo questa mattina in via Cavour ad Albenga<\/p>\n","protected":false},"author":12120,"featured_media":0,"comment_status":"open","ping_status":"closed","sticky":false,"template":"","format":"standard","meta":{"footnotes":""},"categories":[34],"tags":[11953,342,5054,6496],"class_list":["post-395890","post","type-post","status-publish","format-standard","hentry","category-cronaca","tag-carabinieri-albenga","tag-lesioni","tag-nucleo-radiomobile","tag-resistenza-a-pubblico-ufficiale","post_cat_citta-albenga"],"amp_validity":null,"amp_enabled":true,"_links":{"self":[{"href":"https:\/\/staging.ivg.it\/ediapi\/wp\/v2\/posts\/395890","targetHints":{"allow":["GET"]}}],"collection":[{"href":"https:\/\/staging.ivg.it\/ediapi\/wp\/v2\/posts"}],"about":[{"href":"https:\/\/staging.ivg.it\/ediapi\/wp\/v2\/types\/post"}],"author":[{"embeddable":true,"href":"https:\/\/staging.ivg.it\/ediapi\/wp\/v2\/users\/12120"}],"replies":[{"embeddable":true,"href":"https:\/\/staging.ivg.it\/ediapi\/wp\/v2\/comments?post=395890"}],"version-history":[{"count":0,"href":"https:\/\/staging.ivg.it\/ediapi\/wp\/v2\/posts\/395890\/revisions"}],"wp:attachment":[{"href":"https:\/\/staging.ivg.it\/ediapi\/wp\/v2\/media?parent=395890"}],"wp:term":[{"taxonomy":"category","embeddable":true,"href":"https:\/\/staging.ivg.it\/ediapi\/wp\/v2\/categories?post=395890"},{"taxonomy":"post_tag","embeddable":true,"href":"https:\/\/staging.ivg.it\/ediapi\/wp\/v2\/tags?post=395890"}],"curies":[{"name":"wp","href":"https:\/\/api.w.org\/{rel}","templated":true}]}}