{"id":395550,"date":"2016-10-25T11:29:56","date_gmt":"2016-10-25T09:29:56","guid":{"rendered":"http:\/\/www.ivg.it\/?p=395550"},"modified":"2016-10-25T11:29:56","modified_gmt":"2016-10-25T09:29:56","slug":"circolo-scherma-savona-doppio-impegno-coppa-constance-catarzi","status":"publish","type":"post","link":"https:\/\/staging.ivg.it\/2016\/10\/circolo-scherma-savona-doppio-impegno-coppa-constance-catarzi\/","title":{"rendered":"Circolo Scherma Savona: doppio impegno di Coppa per Constance Catarzi"},"content":{"rendered":"<p><strong>Savona.<\/strong> Cresce, cresce velocemente <strong>Constance Catarzi.<\/strong> E con lei crescono gli impegni internazionali. &#8220;Sono appena rientrata dal Messico &#8211; racconta la fiorettista savonese &#8211; e<strong> devo gi\u00e0 pensare ai prossimi impegni di Coppa; in particolare, sar\u00e0 importante quello di sabato a Bochum<\/strong> dove, dopo il decimo posto di Budapest, devo riuscire a tenere alto il livello dei risultati per giocarmi le possibilit\u00e0 di convocazione alle varie rassegne che si terranno tra marzo e aprile&#8221;.<\/p>\n<p>Una stagione \u201cpesante\u201d per Constance che, alle sempre pi\u00f9 pressanti esigenze sportive, <strong>dovr\u00e0 affiancare in modo proficuo l\u2019impegno scolastico visto che affronter\u00e0 la maturit\u00e0.<\/strong><\/p>\n<p>Il calendario, indubbiamente, \u00e8 quello dei \u201ctop\u201d tra coppa Under 20 e circuito assoluto, ma la speranza \u00e8 che i sacrifici possano in futuro portare a traguardi e soddisfazioni che la giovane atleta ha gi\u00e0 dimostrato di poter meritare.<\/p>\n<p><strong>Il tour de force inizier\u00e0 sabato quando Constance sar\u00e0 impegnata a Bochum<\/strong>, in Germania, per una prova di Coppa del Mondo Under 20; <strong>cinque giorni pi\u00f9 tardi, poi, dovr\u00e0 sfidare le atlete pi\u00f9 importanti a livello internazionale a Parigi<\/strong> per la coppa assoluta.<\/p>\n<p>&#8220;A Parigi vado sempre volentieri \u2013 commenta l\u2019atleta italo-francesce \u2013 e sar\u00e0 l&#8217;ennesima opportunit\u00e0 di affrontare tutte le campionesse pi\u00f9 forti al mondo&#8221;.<\/p>\n<p>&#8220;In questi dieci giorni <strong>bisogner\u00e0 affinare la preparazione cercando di ottimizzare il tempo che divide Constance dagli impegni continentali<\/strong>\u201d, puntualizza<strong> Federico Santoro<\/strong>, maestro del circolo.<\/p>\n<p>&#8220;Come dice \u2018Co\u2019, la difficolt\u00e0 sta proprio nel riuscire a lavorare su certi aspetti per far s\u00ec di arrivare pronti alla prova a Bochum nell&#8217;Under 20. Abbiamo solo una settimana di tempo per farlo dopo il rientro di Constance dal Messico ma ci lavoreremo duro\u201d, conclude Santoro.<\/p>\n","protected":false},"excerpt":{"rendered":"<p>Sar\u00e0 impegnata a Bochum e a Parigi<\/p>\n","protected":false},"author":18,"featured_media":0,"comment_status":"open","ping_status":"closed","sticky":false,"template":"","format":"standard","meta":{"footnotes":""},"categories":[42377,32],"tags":[3728,45887,1799],"class_list":["post-395550","post","type-post","status-publish","format-standard","hentry","category-altri-sport","category-sport","tag-circolo-scherma-savona","tag-coppa-del-mondo","tag-scherma","post_cat_citta-savona","post_tag_personaggi-constance-catarzi","post_tag_personaggi-federico-santoro"],"amp_validity":null,"amp_enabled":true,"_links":{"self":[{"href":"https:\/\/staging.ivg.it\/ediapi\/wp\/v2\/posts\/395550","targetHints":{"allow":["GET"]}}],"collection":[{"href":"https:\/\/staging.ivg.it\/ediapi\/wp\/v2\/posts"}],"about":[{"href":"https:\/\/staging.ivg.it\/ediapi\/wp\/v2\/types\/post"}],"author":[{"embeddable":true,"href":"https:\/\/staging.ivg.it\/ediapi\/wp\/v2\/users\/18"}],"replies":[{"embeddable":true,"href":"https:\/\/staging.ivg.it\/ediapi\/wp\/v2\/comments?post=395550"}],"version-history":[{"count":0,"href":"https:\/\/staging.ivg.it\/ediapi\/wp\/v2\/posts\/395550\/revisions"}],"wp:attachment":[{"href":"https:\/\/staging.ivg.it\/ediapi\/wp\/v2\/media?parent=395550"}],"wp:term":[{"taxonomy":"category","embeddable":true,"href":"https:\/\/staging.ivg.it\/ediapi\/wp\/v2\/categories?post=395550"},{"taxonomy":"post_tag","embeddable":true,"href":"https:\/\/staging.ivg.it\/ediapi\/wp\/v2\/tags?post=395550"}],"curies":[{"name":"wp","href":"https:\/\/api.w.org\/{rel}","templated":true}]}}