{"id":39508,"date":"2008-11-03T12:04:29","date_gmt":"2008-11-03T11:04:29","guid":{"rendered":"http:\/\/www.ivg.it\/?p=39508"},"modified":"2008-11-04T13:06:05","modified_gmt":"2008-11-04T12:06:05","slug":"savona-inaugurato-il-terzo-accosto-per-costa-crociere","status":"publish","type":"post","link":"https:\/\/staging.ivg.it\/2008\/11\/savona-inaugurato-il-terzo-accosto-per-costa-crociere\/","title":{"rendered":"Savona, Costa Crociere: inaugurato il terzo accosto"},"content":{"rendered":"<p><strong>[thumb:9584:l]Savona<\/strong>. E&#8217; stato inaugurato ufficialmente questa mattina il terzo accosto del Palacrociere di Savona che permetter\u00e0 di accogliere ben tre navi da crociera in contemporanea sino ad un massimo di 8 mila ospiti. L&#8217;accosto, lungo 325 metri, \u00e8 stato realizzato grazie al &#8220;rettilineamento&#8221; della banchina gi\u00e0 esistente dopo il trasferimento dei cantieri &#8220;Azimut&#8221; e &#8220;W service&#8221; nella zona 2-3 del porto, che ha consentito l&#8217;inizio dei lavori nel luglio del 2007. L&#8217;investimento complessivo della Port Authority savonese \u00e8 stato di 8,7 milioni di euro.<\/p>\n<p>La banchina ha accolto l&#8217;arrivo della Costa Concordia, ammiraglia della flotta Costa in partenza da Savona ogni luned\u00ec per crociere di sette giorni nel Mediterraneo occidentale. Il nuovo terminal consolider\u00e0 la posizione di primo piano di Savona nel settore croceristico: si prevede, infatti, che le navi Costa effettueranno a Savona un totale di 182 scali, equivalenti a 740 mila passeggeri movimentati, il 10% in pi\u00f9 rispetto al 2008.<\/p>\n<p>Come annunciato dall&#8217;amministratore delegato di Costa Crociere, Pierluigi Foschi, per l&#8217;inizio del 2010 sar\u00e0 operativo un secondo terminal che si aggiunger\u00e0 a quello attuale: la banchina di collegamento sar\u00e0 finanziata interamente dalla compagnia di navigazione con un investimento complessivo di 10 milioni di euro. &#8220;L&#8217;ampliamento del Palacrociere ci permetter\u00e0 di sostenere il grande piano di crescita della nostra flotta, con cinque nuove navi in arrivo entro il 2012. Per il 2009 faranno gi\u00e0 scalo a Savona la Costa Pacifica e la Costa Luminosa&#8221; ha dichiarato Foschi.<\/p>\n<p>Nel corso della cerimonia \u00e8 stata scoperta una targa dedicata alla visita di Papa Benedetto XVI a Savona il 17 maggio scorso.<\/p>\n<p>[image:9583:c:s=1]<\/p>\n","protected":false},"excerpt":{"rendered":"<p>[thumb:9584:l]Savona. E&#8217; stato inaugurato ufficialmente questa mattina il terzo accosto del Palacrociere di Savona che permetter\u00e0 di accogliere ben tre navi da crociera in contemporanea sino ad un massimo di 8 mila ospiti. L&#8217;accosto, lungo 325 metri, \u00e8 stato realizzato grazie al &#8220;rettilineamento&#8221; della banchina gi\u00e0 esistente dopo il trasferimento dei cantieri &#8220;Azimut&#8221; e &#8220;W [&hellip;]<\/p>\n","protected":false},"author":4,"featured_media":0,"comment_status":"open","ping_status":"closed","sticky":false,"template":"","format":"standard","meta":{"footnotes":""},"categories":[35],"tags":[1543,1077,412,3440,3438,3437,3441,968],"class_list":["post-39508","post","type-post","status-publish","format-standard","hentry","category-economia","tag-autorita-portuale","tag-costa","tag-costa-crociere","tag-cristoforo-canavese","tag-crociera","tag-navi","tag-pier-luigi-foschi","tag-porto","post_cat_citta-savona"],"amp_validity":null,"amp_enabled":true,"_links":{"self":[{"href":"https:\/\/staging.ivg.it\/ediapi\/wp\/v2\/posts\/39508","targetHints":{"allow":["GET"]}}],"collection":[{"href":"https:\/\/staging.ivg.it\/ediapi\/wp\/v2\/posts"}],"about":[{"href":"https:\/\/staging.ivg.it\/ediapi\/wp\/v2\/types\/post"}],"author":[{"embeddable":true,"href":"https:\/\/staging.ivg.it\/ediapi\/wp\/v2\/users\/4"}],"replies":[{"embeddable":true,"href":"https:\/\/staging.ivg.it\/ediapi\/wp\/v2\/comments?post=39508"}],"version-history":[{"count":0,"href":"https:\/\/staging.ivg.it\/ediapi\/wp\/v2\/posts\/39508\/revisions"}],"wp:attachment":[{"href":"https:\/\/staging.ivg.it\/ediapi\/wp\/v2\/media?parent=39508"}],"wp:term":[{"taxonomy":"category","embeddable":true,"href":"https:\/\/staging.ivg.it\/ediapi\/wp\/v2\/categories?post=39508"},{"taxonomy":"post_tag","embeddable":true,"href":"https:\/\/staging.ivg.it\/ediapi\/wp\/v2\/tags?post=39508"}],"curies":[{"name":"wp","href":"https:\/\/api.w.org\/{rel}","templated":true}]}}