{"id":394815,"date":"2016-10-13T19:49:35","date_gmt":"2016-10-13T17:49:35","guid":{"rendered":"http:\/\/www.ivg.it\/?p=394815"},"modified":"2016-10-14T09:52:31","modified_gmt":"2016-10-14T07:52:31","slug":"alla-decathlon-del-molo-8-44-inizia-trocathlon-mercatino-dellusato-sportivo","status":"publish","type":"post","link":"https:\/\/staging.ivg.it\/2016\/10\/alla-decathlon-del-molo-8-44-inizia-trocathlon-mercatino-dellusato-sportivo\/","title":{"rendered":"Alla Decathlon del Molo 8.44 inizia il &#8220;Trocathlon\u201d, il mercatino dell&#8217;usato sportivo"},"content":{"rendered":"<p><strong>Vado Ligure<\/strong>. Dal 14 ottobre al primo novembre alla Decathlon del parco commerciale Molo 8.44 arriva \u201cTrocathlon\u201d, il mercatino dell\u2019usato sportivo a cui tutti posso partecipare vendendo e acquistando materiale o articoli dedicati allo sport non pi\u00f9 utilizzati.<\/p>\n<p>Chiunque voglia vendere il suo materiale sportivo usato per comprare una nuova attrezzatura ed \u00e8 in possesso di una \u201cCarta Decathlon\u201d, pu\u00f2 farlo da Decathlon a Molo 8.44. Se il materiale sar\u00e0 venduto verr\u00e0 inviato un buono spesa pari al prezzo d\u2019acquisto, valido 2 anni e utilizzabile in una o pi\u00f9 soluzioni in tutti i negozi Decathlon.<\/p>\n<p>L\u2019appuntamento \u00e8 dal 14 ottobre al primo novembre. E&#8217; possibile gi\u00e0 pre-depositare i prodotti che si desidera porre in vendita nello spazio \u201cCarta Decathlon\u201d sul sito www.decathlon.it. Il giorno del deposito sar\u00e0 cos\u00ec riservata una fila dedicata e pi\u00f9 rapida.<\/p>\n<p>Durante il \u201cTrocathlon\u201d \u00e8 possibile seguire la vendita nello spazio dedicato \u201cCarta Decathlon\u201d. Quando tutti gli articoli saranno venduti gli utenti riceveranno automaticamente il buono Trocathlon via email.<\/p>\n<p>Dal 29 ottobre al primo novembre, inoltre, sar\u00e0 possibile usufruire di uno sconto del 20 per cento sui prodotti ancora invenduti.<\/p>\n","protected":false},"excerpt":{"rendered":"<p>Dal 14 ottobre al primo novembre<\/p>\n","protected":false},"author":12120,"featured_media":0,"comment_status":"open","ping_status":"closed","sticky":false,"template":"","format":"standard","meta":{"footnotes":""},"categories":[45296,56],"tags":[29224,25106],"class_list":["post-394815","post","type-post","status-publish","format-standard","hentry","category-copertina","category-altre","tag-decathlon","tag-molo-8-44","post_cat_citta-vado-ligure"],"amp_validity":null,"amp_enabled":true,"_links":{"self":[{"href":"https:\/\/staging.ivg.it\/ediapi\/wp\/v2\/posts\/394815","targetHints":{"allow":["GET"]}}],"collection":[{"href":"https:\/\/staging.ivg.it\/ediapi\/wp\/v2\/posts"}],"about":[{"href":"https:\/\/staging.ivg.it\/ediapi\/wp\/v2\/types\/post"}],"author":[{"embeddable":true,"href":"https:\/\/staging.ivg.it\/ediapi\/wp\/v2\/users\/12120"}],"replies":[{"embeddable":true,"href":"https:\/\/staging.ivg.it\/ediapi\/wp\/v2\/comments?post=394815"}],"version-history":[{"count":0,"href":"https:\/\/staging.ivg.it\/ediapi\/wp\/v2\/posts\/394815\/revisions"}],"wp:attachment":[{"href":"https:\/\/staging.ivg.it\/ediapi\/wp\/v2\/media?parent=394815"}],"wp:term":[{"taxonomy":"category","embeddable":true,"href":"https:\/\/staging.ivg.it\/ediapi\/wp\/v2\/categories?post=394815"},{"taxonomy":"post_tag","embeddable":true,"href":"https:\/\/staging.ivg.it\/ediapi\/wp\/v2\/tags?post=394815"}],"curies":[{"name":"wp","href":"https:\/\/api.w.org\/{rel}","templated":true}]}}