{"id":394507,"date":"2016-10-10T06:58:14","date_gmt":"2016-10-10T04:58:14","guid":{"rendered":"http:\/\/www.ivg.it\/?p=394507"},"modified":"2016-10-10T06:58:14","modified_gmt":"2016-10-10T04:58:14","slug":"cairo-montenotte-la-festa-degli-sportivi-vescovo-acqui-pier-giorgio-micchiardi","status":"publish","type":"post","link":"https:\/\/staging.ivg.it\/2016\/10\/cairo-montenotte-la-festa-degli-sportivi-vescovo-acqui-pier-giorgio-micchiardi\/","title":{"rendered":"A Cairo Montenotte la festa degli sportivi con il vescovo di Acqui Pier Giorgio Micchiardi"},"content":{"rendered":"<p><strong>Cairo Montenotte<\/strong>.\u00a0\u201cUn atleta deve essere non solo un campione nello sport, ma anche un modello di umanit\u00e0\u201d, con le parole di Papa Giovanni II si \u00e8 svolta al campo sportivo &#8220;Brin&#8221; in localit\u00e0 Vesima di Cairo Montenotte la &#8220;Messa dello Sportivo&#8221; che ha visto la partecipazione di monsignor\u00a0Pier Giorgio Micchiardi.<\/p>\n<p>Il presule di Acqui si \u00e8 intrattenuto a lungo con i giovani atleti arrivati da diverse localit\u00e0 della Valbormida e anche dalle cittadine del basso Piemonte. E&#8217; stata anche celebrata una funzione religiosa\u00a0aperta a tutta la cittadinanza per un&#8217;iniziativa che ha voluto rappresentare un momento di riflessione sulla funzione che lo sport riveste, anche sotto il profilo spirituale, nella formazione dei nostri giovani.<\/p>\n<p>&#8220;La formazione dei cittadini di domani deve vedere presente e coinvolta l\u2019intera comunit\u00e0 cairese con le sue istituzioni, amministrative e scolastiche, le sue associazioni di volontariato siano esse di natura sociale o culturale o assistenziale e le sue associazioni e societ\u00e0 sportive&#8221;, \u00e8 stato ribadito durante l&#8217;incontro particolarmente sentito dai ragazzi che hanno ascoltato le parole del vescovo Micchiardi.<\/p>\n<p>Ed \u00e8 stato con questo impegno, e grazie anche alla collaborazione che si \u00e8 realizzata nel tempo tra l\u2019Amministrazione comunale, le Associazioni e Societ\u00e0 sportive e la Comunit\u00e0 parrocchiale, che si \u00e8 voluto realizzare questa celebrazione liturgica che vede al centro i giovani cairesi e le loro famiglie.<\/p>\n","protected":false},"excerpt":{"rendered":"<p>Un&#8217;iniziativa che ha voluto rappresentare un momento di riflessione sulla funzione che lo sport riveste, anche sotto il profilo spirituale, nella formazione dei giovani<\/p>\n","protected":false},"author":12291,"featured_media":0,"comment_status":"open","ping_status":"closed","sticky":false,"template":"","format":"standard","meta":{"footnotes":""},"categories":[56],"tags":[89135],"class_list":["post-394507","post","type-post","status-publish","format-standard","hentry","category-altre","tag-campo-sportivo-cesare-brin","post_cat_citta-cairo-montenotte","post_tag_personaggi-vescovo-pier-giorgio-micchiardi"],"amp_validity":null,"amp_enabled":true,"_links":{"self":[{"href":"https:\/\/staging.ivg.it\/ediapi\/wp\/v2\/posts\/394507","targetHints":{"allow":["GET"]}}],"collection":[{"href":"https:\/\/staging.ivg.it\/ediapi\/wp\/v2\/posts"}],"about":[{"href":"https:\/\/staging.ivg.it\/ediapi\/wp\/v2\/types\/post"}],"author":[{"embeddable":true,"href":"https:\/\/staging.ivg.it\/ediapi\/wp\/v2\/users\/12291"}],"replies":[{"embeddable":true,"href":"https:\/\/staging.ivg.it\/ediapi\/wp\/v2\/comments?post=394507"}],"version-history":[{"count":0,"href":"https:\/\/staging.ivg.it\/ediapi\/wp\/v2\/posts\/394507\/revisions"}],"wp:attachment":[{"href":"https:\/\/staging.ivg.it\/ediapi\/wp\/v2\/media?parent=394507"}],"wp:term":[{"taxonomy":"category","embeddable":true,"href":"https:\/\/staging.ivg.it\/ediapi\/wp\/v2\/categories?post=394507"},{"taxonomy":"post_tag","embeddable":true,"href":"https:\/\/staging.ivg.it\/ediapi\/wp\/v2\/tags?post=394507"}],"curies":[{"name":"wp","href":"https:\/\/api.w.org\/{rel}","templated":true}]}}