{"id":394489,"date":"2016-10-09T15:27:07","date_gmt":"2016-10-09T13:27:07","guid":{"rendered":"http:\/\/www.ivg.it\/?p=394489"},"modified":"2016-10-09T15:27:07","modified_gmt":"2016-10-09T13:27:07","slug":"strade-provinciali-ad-anas-approvata-la-convenzione-via-libera-entro-fine-2016","status":"publish","type":"post","link":"https:\/\/staging.ivg.it\/2016\/10\/strade-provinciali-ad-anas-approvata-la-convenzione-via-libera-entro-fine-2016\/","title":{"rendered":"Strade provinciali ad Anas, approvata la convenzione: via libera entro fine 2016"},"content":{"rendered":"<p><strong>Liguria.<\/strong> La Giunta regionale della Liguria ha approvato, su proposta dell&#8217;assessore regionale alle Infrastrutture Giacomo Giampedrone, lo schema di Convenzione tra Regione, Anas, Province di Savona e di La Spezia, Citt\u00e0 Metropolitana di Genova e ministero per le Infrastrutture e i Trasporti propedeutica alla riclassificazione di 11 strade provinciali (gi\u00e0 ex statali e con caratteristiche di interregionalit\u00e0) come &#8220;strade di interesse nazionale&#8221; per il successivo trasferimento a Anas Spa.<\/p>\n<p>&#8220;Si tratta &#8211; spiega l&#8217;assessore regionale Giacomo Giampedrone &#8211; dell&#8217;ultimo step necessario a livello regionale per l&#8217;invio della documentazione al ministero delle Infrastrutture e Trasporti per il via libera definitivo, che auspichiamo arrivi entro la fine del 2016&#8221;. Nelle prossime settimane la Convenzione sar\u00e0 approvata anche dalle Province di Savona e La Spezia e dalla Citt\u00e0 Metropolitana di Genova.<\/p>\n<p>&#8220;Fin dal nostro insediamento \u2013 ha aggiunto l&#8217;assessore Giampedrone &#8211; abbiamo lavorato per superare le difficolt\u00e0 di gestione di questa fondamentale rete viaria da parte delle Province e della Citt\u00e0 Metropolitana di Genova, enti locali che, per effetto delle riforma varata dal governo, hanno subito continue decurtazioni di risorse, tali da rendere impossibile l&#8217;esecuzione dei fondamentali interventi di manutenzione, anche ordinaria. Per questa ragione abbiamo avviato un confronto costruttivo e proficuo con Anas, il cui presidente e amministratore delegato Armani ha manifestato, anche nelle scorse settimane, la massima disponibilit\u00e0 per acquisire oltre 300 chilometri di strade provinciali, cos\u00ec che siano garantiti gli interventi di manutenzione ordinaria e straordinaria, soprattutto nei mesi invernali&#8221;.<\/p>\n<p>Con la firma della Convenzione, Anas si impegner\u00e0 in particolare, a effettuare la manutenzione ordinaria, la manutenzione delle opere in verde e della segnaletica orizzontale e verticale, la pavimentazione stradale e il ripristino delle barriere di sicurezza, il mantenimento della strada (attivit\u00e0 di sgombero di eventuali materiali franati con ripristino della sicurezza e della viabilit\u00e0, pulizia e mantenimento di cunette, tombini e opere di raccolta e smaltimento delle acque superficiali, attivit\u00e0 di messa in sicurezza dei versanti a monte interessati da smottamenti, attivit\u00e0 di pulizia delle strade a seguito di piogge o altri fenomeni metereologici avversi), il ripristino degli impianti di illuminazione o tecnologici, la manutenzione invernale e l&#8217;attivit\u00e0 di sorveglianza stradale e di primo intervento su incidente.<\/p>\n<p>Le strade oggetto della Convenzione sono: ex SS n.582 del &#8220;Colle di San Bernardo&#8221;, ex SS n.490 del &#8220;Colle del Melogno&#8221;, ex SS n.334 &#8220;del Sassello&#8221;, ex SS n.456 &#8220;del Turchino&#8221;, ex SS n.35 &#8220;dei Giovi&#8221;, ex SS n.225 &#8220;della Fontanabuona&#8221;, ex SS n.586 &#8220;della Val d&#8217;Aveto&#8221;, ex SS n.654 &#8220;di Val di Nure&#8221;, ex SS n.523 &#8220;del Colle di Cento Croci&#8221;, ex SS n.330 &#8220;di Buonviaggio&#8221;, ex SS n.432 &#8220;della Bocca di Magra&#8221;.<\/p>\n","protected":false},"excerpt":{"rendered":"<p>La procedura riguarda le provinciali del Melogno, di Sassello e di Colle San Bernardo<\/p>\n","protected":false},"author":10593,"featured_media":0,"comment_status":"open","ping_status":"closed","sticky":false,"template":"","format":"standard","meta":{"footnotes":""},"categories":[45296,56],"tags":[5426,69183],"class_list":["post-394489","post","type-post","status-publish","format-standard","hentry","category-copertina","category-altre","tag-anas","tag-strade-provinciali"],"amp_validity":null,"amp_enabled":true,"_links":{"self":[{"href":"https:\/\/staging.ivg.it\/ediapi\/wp\/v2\/posts\/394489","targetHints":{"allow":["GET"]}}],"collection":[{"href":"https:\/\/staging.ivg.it\/ediapi\/wp\/v2\/posts"}],"about":[{"href":"https:\/\/staging.ivg.it\/ediapi\/wp\/v2\/types\/post"}],"author":[{"embeddable":true,"href":"https:\/\/staging.ivg.it\/ediapi\/wp\/v2\/users\/10593"}],"replies":[{"embeddable":true,"href":"https:\/\/staging.ivg.it\/ediapi\/wp\/v2\/comments?post=394489"}],"version-history":[{"count":0,"href":"https:\/\/staging.ivg.it\/ediapi\/wp\/v2\/posts\/394489\/revisions"}],"wp:attachment":[{"href":"https:\/\/staging.ivg.it\/ediapi\/wp\/v2\/media?parent=394489"}],"wp:term":[{"taxonomy":"category","embeddable":true,"href":"https:\/\/staging.ivg.it\/ediapi\/wp\/v2\/categories?post=394489"},{"taxonomy":"post_tag","embeddable":true,"href":"https:\/\/staging.ivg.it\/ediapi\/wp\/v2\/tags?post=394489"}],"curies":[{"name":"wp","href":"https:\/\/api.w.org\/{rel}","templated":true}]}}