{"id":394488,"date":"2016-10-09T14:36:46","date_gmt":"2016-10-09T12:36:46","guid":{"rendered":"http:\/\/www.ivg.it\/?p=394488"},"modified":"2016-10-09T14:36:46","modified_gmt":"2016-10-09T12:36:46","slug":"altro-autunno-nel-savonese-ancora-estate","status":"publish","type":"post","link":"https:\/\/staging.ivg.it\/2016\/10\/altro-autunno-nel-savonese-ancora-estate\/","title":{"rendered":"Altro che autunno, nel savonese \u00e8 ancora &#8220;estate&#8221;"},"content":{"rendered":"<p>Sar\u00e0 anche ottobre, ma il tempo &#8220;regge&#8221; e il mare \u00e8 una favola.<\/p>\n<p>E cos\u00ec, nel savonese, l&#8217;estate sembra non essere ancora finita&#8230;<\/p>\n<p>Nell&#8217;immagine, scattata questa mattina, un gruppo di persone si gode il sole di ottobre sulla spiaggia.<\/p>\n","protected":false},"excerpt":{"rendered":"<p>Sar\u00e0 anche ottobre, ma il tempo &#8220;regge&#8221; e il mare \u00e8 una favola. E cos\u00ec, nel savonese, l&#8217;estate sembra non essere ancora finita&#8230; Nell&#8217;immagine, scattata questa mattina, un gruppo di persone si gode il sole di ottobre sulla spiaggia.<\/p>\n","protected":false},"author":10593,"featured_media":0,"comment_status":"open","ping_status":"closed","sticky":false,"template":"","format":"standard","meta":{"footnotes":""},"categories":[119],"tags":[],"class_list":["post-394488","post","type-post","status-publish","format-standard","hentry","category-fotonotizia"],"amp_validity":null,"amp_enabled":true,"_links":{"self":[{"href":"https:\/\/staging.ivg.it\/ediapi\/wp\/v2\/posts\/394488","targetHints":{"allow":["GET"]}}],"collection":[{"href":"https:\/\/staging.ivg.it\/ediapi\/wp\/v2\/posts"}],"about":[{"href":"https:\/\/staging.ivg.it\/ediapi\/wp\/v2\/types\/post"}],"author":[{"embeddable":true,"href":"https:\/\/staging.ivg.it\/ediapi\/wp\/v2\/users\/10593"}],"replies":[{"embeddable":true,"href":"https:\/\/staging.ivg.it\/ediapi\/wp\/v2\/comments?post=394488"}],"version-history":[{"count":0,"href":"https:\/\/staging.ivg.it\/ediapi\/wp\/v2\/posts\/394488\/revisions"}],"wp:attachment":[{"href":"https:\/\/staging.ivg.it\/ediapi\/wp\/v2\/media?parent=394488"}],"wp:term":[{"taxonomy":"category","embeddable":true,"href":"https:\/\/staging.ivg.it\/ediapi\/wp\/v2\/categories?post=394488"},{"taxonomy":"post_tag","embeddable":true,"href":"https:\/\/staging.ivg.it\/ediapi\/wp\/v2\/tags?post=394488"}],"curies":[{"name":"wp","href":"https:\/\/api.w.org\/{rel}","templated":true}]}}