{"id":394443,"date":"2016-10-08T14:52:13","date_gmt":"2016-10-08T12:52:13","guid":{"rendered":"http:\/\/www.ivg.it\/?p=394443"},"modified":"2016-10-08T15:10:39","modified_gmt":"2016-10-08T13:10:39","slug":"alassio-citta-europea-dello-sport-2017-soddisfazione-dal-comune-onorati-premiati-nostri-sforzi","status":"publish","type":"post","link":"https:\/\/staging.ivg.it\/2016\/10\/alassio-citta-europea-dello-sport-2017-soddisfazione-dal-comune-onorati-premiati-nostri-sforzi\/","title":{"rendered":"Alassio Citt\u00e0 Europea dello Sport 2017, soddisfazione dal Comune: &#8220;Onorati, premiati i nostri sforzi&#8221;"},"content":{"rendered":"<p><strong>Alassio sar\u00e0 Citt\u00e0 Europea dello Sport 2017<\/strong>. Ad annunciarlo \u00e8 Simone Rossi, Assessore allo Sport e al Turismo del Comune di Alassio: \u201cCon una lettera ufficiale ricevuta da Bruxelles e firmata da Gian Francesco Lupattelli, Presidente Aces Europe, oggi ci \u00e8 stata comunicata questa bellissima notizia: Alassio, assieme a Montecatini Terme, Orvieto e Tirano \u00e8 una delle quattro realt\u00e0 a essersi aggiudicate il titolo di &#8216;European Town of Sport&#8217; per l&#8217;anno 2017\u201d, afferma l&#8217;Assessore Rossi. \u201cSiamo davvero entusiasti e soddisfatti di questo grande traguardo, che \u00e8 il risultato dell&#8217;impegno messo in campo dall&#8217;Amministrazione Comunale, dagli uffici, dalle associazioni e societ\u00e0 del territorio, dagli sportivi e da tutti coloro che ci hanno creduto, ai quali va un immenso ringraziamento. Si \u00e8 lavorato insieme per un raggiungere un obiettivo comune, per il bene del territorio\u201d.<\/p>\n<p>\u201cCongratulazioni per il titolo, poich\u00e9 la vostra citt\u00e0 \u00e8 davvero un buon esempio di sport per tutti, come strumento di salute, integrazione, educazione e rispetto, che sono i principali obiettivi di Aces Europe\u201d, si legge nella lettera che attesta l&#8217;onorificenza. \u201cAvete anche sviluppato una politica sportiva esemplare, con belle strutture, programmi e attivit\u00e0\u201d. Per questo motivo, l&#8217;Amministrazione Comunale \u00e8 stata invitata all&#8217;evento che si svolger\u00e0 al CONI, nel Foro Italico di Roma, il prossimo 8 novembre, per una cerimonia di premiazione, oltre all&#8217;iniziativa di gala del prossimo 16 novembre al Parlamento Europeo di Bruxelles. Alassio aveva avanzato ufficialmente la propria candidatura a giugno, con la visita della commissione Aces, uno spot promozionale delle attivit\u00e0 a disposizione nel suo comprensorio e un volume di presentazione della citt\u00e0.<\/p>\n<p>&#8220;Siamo onorati e orgogliosi di questo ambito riconoscimento, che premia gli sforzi compiuti da parte dell&#8217;Amministrazione anche con importanti investimenti sulle strutture sportive della Citt\u00e0 e degli istituti scolastici. Proprio in questi giorni abbiamo inaugurato le nuovissime palestre delle due Scuole Primarie in via Neghelli e in via Gastaldi, interamente rinnovate, vere e proprie strutture di eccellenza e all&#8217;avanguardia, a disposizione delle scuole e delle societ\u00e0 sportive. Un risultato notevole, reso possibile grazie all&#8217;impegno da parte di tutti, con un ringraziamento particolare all&#8217;Ufficio Tecnico per l&#8217;ottimo lavoro svolto&#8221; aggiunge Monica Zioni, Vice Sindaco di Alassio.<\/p>\n<p>\u201cSiamo grati ad Aces Europe per questo riconoscimento, che ci onora e che conferma la forte vocazione sportiva e turistica della Citt\u00e0 di Alassio, oltre all&#8217;indiscutibile valore delle sue strutture, la variet\u00e0 di discipline, riconoscendo l&#8217;impegno profuso dall&#8217;Amministrazione Comunale e dalle diverse societ\u00e0 sportive\u201d commenta il Sindaco di Alassio Enzo Canepa.<\/p>\n","protected":false},"excerpt":{"rendered":"<p>La Citt\u00e0 del Muretto ottiene il prestigioso riconoscimento<\/p>\n","protected":false},"author":4,"featured_media":0,"comment_status":"open","ping_status":"closed","sticky":false,"template":"","format":"standard","meta":{"footnotes":""},"categories":[45296,31,32],"tags":[17527],"class_list":["post-394443","post","type-post","status-publish","format-standard","hentry","category-copertina","category-politica","category-sport","tag-citta-europea-dello-sport","post_cat_citta-alassio","post_tag_personaggi-enzo-canepa-2","post_tag_personaggi-monica-zioni","post_tag_personaggi-simone-rossi"],"amp_validity":null,"amp_enabled":true,"_links":{"self":[{"href":"https:\/\/staging.ivg.it\/ediapi\/wp\/v2\/posts\/394443","targetHints":{"allow":["GET"]}}],"collection":[{"href":"https:\/\/staging.ivg.it\/ediapi\/wp\/v2\/posts"}],"about":[{"href":"https:\/\/staging.ivg.it\/ediapi\/wp\/v2\/types\/post"}],"author":[{"embeddable":true,"href":"https:\/\/staging.ivg.it\/ediapi\/wp\/v2\/users\/4"}],"replies":[{"embeddable":true,"href":"https:\/\/staging.ivg.it\/ediapi\/wp\/v2\/comments?post=394443"}],"version-history":[{"count":0,"href":"https:\/\/staging.ivg.it\/ediapi\/wp\/v2\/posts\/394443\/revisions"}],"wp:attachment":[{"href":"https:\/\/staging.ivg.it\/ediapi\/wp\/v2\/media?parent=394443"}],"wp:term":[{"taxonomy":"category","embeddable":true,"href":"https:\/\/staging.ivg.it\/ediapi\/wp\/v2\/categories?post=394443"},{"taxonomy":"post_tag","embeddable":true,"href":"https:\/\/staging.ivg.it\/ediapi\/wp\/v2\/tags?post=394443"}],"curies":[{"name":"wp","href":"https:\/\/api.w.org\/{rel}","templated":true}]}}