{"id":394374,"date":"2016-10-07T16:28:05","date_gmt":"2016-10-07T14:28:05","guid":{"rendered":"http:\/\/www.ivg.it\/?p=394374"},"modified":"2016-10-07T16:29:56","modified_gmt":"2016-10-07T14:29:56","slug":"gradimento-degli-amministratori-toti-terzo-liguri-apprezzato-lavoro-volto-finora","status":"publish","type":"post","link":"https:\/\/staging.ivg.it\/2016\/10\/gradimento-degli-amministratori-toti-terzo-liguri-apprezzato-lavoro-volto-finora\/","title":{"rendered":"Gradimento degli amministratori, Toti \u00e8 terzo: &#8220;I liguri hanno apprezzato il lavoro volto finora&#8221;"},"content":{"rendered":"<p><strong>Genova<\/strong>. Una medaglia di bronzo per Giovanni Toti. Il governatore della Liguria si \u00e8 classificato terzo nella speciale classifica sul gradimento degli amministratori stilata dall&#8217;istituto Index Research.<\/p>\n<p>\u201c\u00c8 una medaglia di bronzo \u2013 commenta Toti \u2013 ma siccome abbiamo cominciato ad allenarci solo un anno fa in questa regione ci sono ampi margini per salire fino all\u2019argento e all\u2019oro, anche se in seconda posizione si \u00e8 piazzato un amico e un ottimo governatore come Luca Zaia che ha gi\u00e0 avuto infatti cinque anni per cambiare il Veneto che gli \u00e8 stato affidato&#8221;.<\/p>\n<p>&#8220;Credo che sia un atto di fiducia dei liguri che hanno apprezzato il primo anno di governo di questa giunta, hanno apprezzato l&#8217;entusiasmo e l&#8217;impegno che ci mettiamo \u2013 prosegue Toti \u2013 e le tante cose che si sono sbloccate dopo 10 anni di inerzia, sia in termini di burocrazia sia in termini di aiuto alle imprese&#8221;.<\/p>\n<p>&#8220;Credo sia anche un premio alla visione di un futuro diverso, cio\u00e8 quell&#8217;entusiasmo e quella voglia di costruire una Liguria diversa che per 10 anni non c&#8217;\u00e8 stata e a cui stanno collaborando attivamente e fattivamente sempre pi\u00f9 cittadini. Penso sia un buon incoraggiamento di cui ringraziare tutti&#8221;.<\/p>\n","protected":false},"excerpt":{"rendered":"<p>La classifica \u00e8 stata stilata dall&#8217;istituto Index Research<\/p>\n","protected":false},"author":12120,"featured_media":0,"comment_status":"open","ping_status":"closed","sticky":false,"template":"","format":"standard","meta":{"footnotes":""},"categories":[45296,31],"tags":[89449,295],"class_list":["post-394374","post","type-post","status-publish","format-standard","hentry","category-copertina","category-politica","tag-index-research","tag-regione","post_cat_citta-savona","post_tag_personaggi-giovanni-toti"],"amp_validity":null,"amp_enabled":true,"_links":{"self":[{"href":"https:\/\/staging.ivg.it\/ediapi\/wp\/v2\/posts\/394374","targetHints":{"allow":["GET"]}}],"collection":[{"href":"https:\/\/staging.ivg.it\/ediapi\/wp\/v2\/posts"}],"about":[{"href":"https:\/\/staging.ivg.it\/ediapi\/wp\/v2\/types\/post"}],"author":[{"embeddable":true,"href":"https:\/\/staging.ivg.it\/ediapi\/wp\/v2\/users\/12120"}],"replies":[{"embeddable":true,"href":"https:\/\/staging.ivg.it\/ediapi\/wp\/v2\/comments?post=394374"}],"version-history":[{"count":0,"href":"https:\/\/staging.ivg.it\/ediapi\/wp\/v2\/posts\/394374\/revisions"}],"wp:attachment":[{"href":"https:\/\/staging.ivg.it\/ediapi\/wp\/v2\/media?parent=394374"}],"wp:term":[{"taxonomy":"category","embeddable":true,"href":"https:\/\/staging.ivg.it\/ediapi\/wp\/v2\/categories?post=394374"},{"taxonomy":"post_tag","embeddable":true,"href":"https:\/\/staging.ivg.it\/ediapi\/wp\/v2\/tags?post=394374"}],"curies":[{"name":"wp","href":"https:\/\/api.w.org\/{rel}","templated":true}]}}