{"id":394207,"date":"2016-10-05T11:52:51","date_gmt":"2016-10-05T09:52:51","guid":{"rendered":"http:\/\/www.ivg.it\/?p=394207"},"modified":"2016-10-05T12:20:55","modified_gmt":"2016-10-05T10:20:55","slug":"turismo-giuseppe-casella-presidente-degli-albergatori-pietresi","status":"publish","type":"post","link":"https:\/\/staging.ivg.it\/2016\/10\/turismo-giuseppe-casella-presidente-degli-albergatori-pietresi\/","title":{"rendered":"Turismo, Giuseppe Casella presidente degli albergatori pietresi"},"content":{"rendered":"<p><strong>Pietra Ligure.<\/strong> Si \u00e8 svolta l&#8217;assemblea straordinaria per il rinnovo del consiglio direttivo dell&#8217;Associazione Albergatori di Pietra Ligure. Il nuovo consiglio direttivo ha nominato Giuseppe Casella presidente, Sara Ivaldi vice presidente, Deborah Giusto tesoriere. <\/p>\n<p>I consiglieri: Pierluigi Curelli, Andrea Guidara, Gianfranco Roella, Patrizia Santi, Piercarlo Vallerga, Cristina Vignone. Alberto Orso \u00e8 stato nominato direttore. <\/p>\n<p>&#8220;L&#8217;associazione albergatori di Pietra Ligure \u2013 spiega il presidente Giuseppe Casella \u2013 rappresenta con oltre 40 aderenti la quasi totalit\u00e0 delle strutture ricettive della nostra citt\u00e0 oltre a 20 ristoranti che proprio da quest&#8217;anno si sono affiliati con noi, rappresentati da Angelo Ingrao coordinatore del gruppo e facente parte cooptato del direttivo&#8221;. <\/p>\n<p>&#8220;Il nuovo direttivo avr\u00e0 da affrontare sfide importanti in un mercato in continua evoluzione. Proprio per questo abbiamo elaborato un programma sotto molti aspetti innovativo e snello che ci permetter\u00e0 di ricalibrarlo ad ogni esigenza. Tra le cose pi\u00f9 importanti che inizieremo a breve \u00e8 lo sviluppo di un progetto atto a far conoscere, ai mercati esteri pi\u00f9 sensibili, un&#8217;offerta outdoor completa che contempli oltre al ricettivo anche i servizi dedicati sul nostro territorio&#8221;. <\/p>\n<p>&#8220;Altro aspetto importante di questo mandato sar\u00e0 il potenziamento della presenza della nostra citt\u00e0 sul web con un restyling e potenziamento del nostro sito internet ottimizzato per i mercati esteri utilizzando le pi\u00f9 innovative tecniche di web marketing&#8221; conclude Casella.<\/p>\n","protected":false},"excerpt":{"rendered":"<p>Pietra Ligure. Si \u00e8 svolta l&#8217;assemblea straordinaria per il rinnovo del consiglio direttivo dell&#8217;Associazione Albergatori di Pietra Ligure. Il nuovo consiglio direttivo ha nominato Giuseppe Casella presidente, Sara Ivaldi vice presidente, Deborah Giusto tesoriere. I consiglieri: Pierluigi Curelli, Andrea Guidara, Gianfranco Roella, Patrizia Santi, Piercarlo Vallerga, Cristina Vignone. Alberto Orso \u00e8 stato nominato direttore. &#8220;L&#8217;associazione [&hellip;]<\/p>\n","protected":false},"author":4,"featured_media":0,"comment_status":"open","ping_status":"closed","sticky":false,"template":"","format":"standard","meta":{"footnotes":""},"categories":[45296,35],"tags":[76280],"class_list":["post-394207","post","type-post","status-publish","format-standard","hentry","category-copertina","category-economia","tag-associazione-albergatori-pietra-ligure","post_cat_citta-pietra-ligure","post_tag_personaggi-giuseppe-casella"],"amp_validity":null,"amp_enabled":true,"_links":{"self":[{"href":"https:\/\/staging.ivg.it\/ediapi\/wp\/v2\/posts\/394207","targetHints":{"allow":["GET"]}}],"collection":[{"href":"https:\/\/staging.ivg.it\/ediapi\/wp\/v2\/posts"}],"about":[{"href":"https:\/\/staging.ivg.it\/ediapi\/wp\/v2\/types\/post"}],"author":[{"embeddable":true,"href":"https:\/\/staging.ivg.it\/ediapi\/wp\/v2\/users\/4"}],"replies":[{"embeddable":true,"href":"https:\/\/staging.ivg.it\/ediapi\/wp\/v2\/comments?post=394207"}],"version-history":[{"count":0,"href":"https:\/\/staging.ivg.it\/ediapi\/wp\/v2\/posts\/394207\/revisions"}],"wp:attachment":[{"href":"https:\/\/staging.ivg.it\/ediapi\/wp\/v2\/media?parent=394207"}],"wp:term":[{"taxonomy":"category","embeddable":true,"href":"https:\/\/staging.ivg.it\/ediapi\/wp\/v2\/categories?post=394207"},{"taxonomy":"post_tag","embeddable":true,"href":"https:\/\/staging.ivg.it\/ediapi\/wp\/v2\/tags?post=394207"}],"curies":[{"name":"wp","href":"https:\/\/api.w.org\/{rel}","templated":true}]}}