{"id":394108,"date":"2016-10-04T12:03:22","date_gmt":"2016-10-04T10:03:22","guid":{"rendered":"http:\/\/www.ivg.it\/?p=394108"},"modified":"2016-10-04T12:03:22","modified_gmt":"2016-10-04T10:03:22","slug":"savona-arriva-union-ii-la-nuova-ammiraglia-del-gruppo-ormeggiatori","status":"publish","type":"post","link":"https:\/\/staging.ivg.it\/2016\/10\/savona-arriva-union-ii-la-nuova-ammiraglia-del-gruppo-ormeggiatori\/","title":{"rendered":"A Savona arriva &#8220;Union II&#8221;, la nuova ammiraglia del Gruppo Ormeggiatori"},"content":{"rendered":"<p><strong>Savona<\/strong>. Si chiama \u201cUnion II\u201d ed \u00e8 il nuovo mezzo nautico in dotazione al Gruppo Ormeggiatori di Savona e Vado Ligure. La motobarca sar\u00e0 \u201cbattezzata\u201d venerd\u00ec 7 ottobre, alle ore 11, in Arenile S. Lucia a Savona (Lungomare Matteotti).<\/p>\n<p>\u201cUnion II\u201d, lunga 10 metri e con una stazza lorda di 12,94 tonnellate, \u00e8 idonea all&#8217;assistenza di navi di massima dimensione. E\u2019 stata voluta e progettata per lavorare nella rada di Vado Ligure, nel campo boe Sarpom e in previsione dell&#8217;utilizzo nella piattaforma Maersk in via di realizzazione.<\/p>\n<p>Il nome richiama la parola \u201cunione\u201d in ligure, a ricordare la fusione degli Ormeggiatori di Savona e Vado Ligure, mentre il \u201cseconda\u201d \u00e8 perch\u00e9 va a sostituire l&#8217;omonima imbarcazione cos\u00ec battezzata cinquant&#8217;anni fa proprio per celebrare l&#8217;unione dei due Gruppi.<\/p>\n<p>Il Gruppo Ormeggiatori del Porto di Savona e Vado Ligure nasce infatti come Gruppo unico autogestito e autoregolamentato, ma sempre disciplinato dall&#8217;Autorit\u00e0 Marittima, nel 1967, dalla fusione dei Gruppi dei due porti, che a loro volta si erano costituiti nel 1951 come derivazione della Cooperativa Sabazia di Vado Ligure e della Cooperativa Leon Pancaldo di Savona. Dal 1992 il gruppo presta servizio anche nel porto di Imperia.<\/p>\n<p>Nel proiettarsi verso il futuro dunque, gli Ormeggiatori del Porto di Savona e di Vado Ligure hanno coscienza del loro passato, di ci\u00f2 che si perde, come \u00e8 giusto che sia, ma nello stesso tempo sanno che occorre aver presente le potenzialit\u00e0 che si stanno aprendo, ben coscienti che \u201cil miglioramento non va atteso, ma va inseguito\u201d.<\/p>\n<p>\u201cInfatti, al di l\u00e0 della tradizione del varo, con l\u2019inaugurazione si intende celebrare lo sforzo di rinnovamento e la volont\u00e0 di dare adeguata risposta all&#8217;evoluzione del comparto marittimo\/portuale da parte del Gruppo Ormeggiatori. L&#8217;investimento di 280.000 euro, nonostante la crisi perdurante, \u00e8 un atto di fiducia nel futuro, un contributo al funzionamento del sistema portuale. Perch\u00e9 se non ci si rinnova, non ci si adegua, non si investe in attrezzature e in professionalit\u00e0, non ci sar\u00e0 futuro per il nostro lavoro\u201d spiegano dal Gruppo Ormeggiatori.<\/p>\n<p>\u201cL\u2019Ormeggio, insieme a pilotaggio, rimorchio e battellaggio, costituisce i Servizi Tecnico Nautici, ovvero l&#8217;insieme dei servizi resi alla nave al momento del suo arrivo e della sua partenza dal porto, assicurando il transito, la manovra e la sosta in assoluta sicurezza, anche grazie all&#8217;impegno quotidiano e all\u2019efficiente organizzazione definita attraverso il coordinamento del \u201ctavolo tecnico\u201d all\u2019uopo disciplinato dall&#8217;Autorit\u00e0 Marittima. Giova comunque ricordare che l\u2019arricchimento in mezzi e strumenti cammina in parallelo con il \u2018sapere\u2019 anche culturale. In un mondo che cambia con impeto ed accelerazioni incontenibili riqualifichiamo costantemente la nostra figura sia sul piano professionale, che nella sua funzione al servizio degli interessi generali del porto\u201d spiegano ancora dal Gruppo.<\/p>\n<p>Attualmente il Gruppo si compone di 20 soci organizzati in Cooperativa, marinai con titoli professionali e adeguate competenze, che fanno attraccare correttamente le navi alle banchine, ai pontili, alle piattaforme off-shore e alle boe, lavorando sempre con continuit\u00e0, 24 ore su 24, 365 giorni l&#8217;anno, con qualsiasi condizione meteorologica.<\/p>\n<p>Il Gruppo \u00e8 dotato di 10 motobarche (Union II sar\u00e0 la nuova ammiraglia) equipaggiate secondo le diverse specificit\u00e0 dei terminals dei porti di Savona, Vado Ligure e Imperia e di 2 mezzi terrestri.<\/p>\n<p>Al battesimo del mare della motobarca parteciperanno: Ilaria Caprioglio, Sindaco del Comune di Savona; Monica Giuliano, Sindaco del Comune di Vado Ligure; C.V. (CP) Vincenzo Vitale, Comandante del Porto di Savona; Gianluigi Miazza, Presidente Autorit\u00e0 Portuale di Savona; Marco Balestrino, Presidente Gruppo Ormeggiatori Savona, Vado, Imperia; Mario Tullo, Camera dei Deputati, membro IX commissione; Benifei Brando, Parlamentare Europeo<br \/>\nAnna Giacobbe, Camera dei Deputati; Mattia Rossi Coordinatore Provinciale Lega Coop Liguria; Cesare Guidi, Presidente ANGOPI; S.E. Mons Vittorio Lupi, Vescovo della Diocesi di Savona-Noli.<\/p>\n","protected":false},"excerpt":{"rendered":"<p>E\u2019 stata voluta e progettata per lavorare nella rada di Vado Ligure, nel campo boe Sarpom e in previsione dell&#8217;utilizzo nella piattaforma Maersk<\/p>\n","protected":false},"author":2394,"featured_media":0,"comment_status":"open","ping_status":"closed","sticky":false,"template":"","format":"standard","meta":{"footnotes":""},"categories":[56],"tags":[89361,89362,89363],"class_list":["post-394108","post","type-post","status-publish","format-standard","hentry","category-altre","tag-gruppo-ormeggiatori","tag-gruppo-ormeggiatori-savona-vado","tag-union-ii","post_cat_citta-savona"],"amp_validity":null,"amp_enabled":true,"_links":{"self":[{"href":"https:\/\/staging.ivg.it\/ediapi\/wp\/v2\/posts\/394108","targetHints":{"allow":["GET"]}}],"collection":[{"href":"https:\/\/staging.ivg.it\/ediapi\/wp\/v2\/posts"}],"about":[{"href":"https:\/\/staging.ivg.it\/ediapi\/wp\/v2\/types\/post"}],"author":[{"embeddable":true,"href":"https:\/\/staging.ivg.it\/ediapi\/wp\/v2\/users\/2394"}],"replies":[{"embeddable":true,"href":"https:\/\/staging.ivg.it\/ediapi\/wp\/v2\/comments?post=394108"}],"version-history":[{"count":0,"href":"https:\/\/staging.ivg.it\/ediapi\/wp\/v2\/posts\/394108\/revisions"}],"wp:attachment":[{"href":"https:\/\/staging.ivg.it\/ediapi\/wp\/v2\/media?parent=394108"}],"wp:term":[{"taxonomy":"category","embeddable":true,"href":"https:\/\/staging.ivg.it\/ediapi\/wp\/v2\/categories?post=394108"},{"taxonomy":"post_tag","embeddable":true,"href":"https:\/\/staging.ivg.it\/ediapi\/wp\/v2\/tags?post=394108"}],"curies":[{"name":"wp","href":"https:\/\/api.w.org\/{rel}","templated":true}]}}