{"id":394009,"date":"2016-10-03T11:41:40","date_gmt":"2016-10-03T09:41:40","guid":{"rendered":"http:\/\/www.ivg.it\/?p=394009"},"modified":"2016-10-03T11:51:17","modified_gmt":"2016-10-03T09:51:17","slug":"ferrania-film-museum-cairo-sindaco-briano-inaugurazione-gennaio-2017","status":"publish","type":"post","link":"https:\/\/staging.ivg.it\/2016\/10\/ferrania-film-museum-cairo-sindaco-briano-inaugurazione-gennaio-2017\/","title":{"rendered":"Ferrania Film Museum a Cairo, il sindaco Briano: &#8220;Inaugurazione a gennaio 2017&#8221;"},"content":{"rendered":"<p><strong>Cairo M.<\/strong> \u201cSperiamo di poter inaugurare il nuovo museo entro gennaio-febbraio del 2017\u201d. Lo ha annunciato il sindaco di Cairo Montenotte Fulvio Briano al termine di un sopralluogo nel cantiere della nuova struttura dove sorger\u00e0 il museo, a Palazzo Scarampi in Piazza Savonarola: \u201cI lavori procedono e siamo convinti di poter aprire con l\u2019inizio del nuovo anno\u201d.<\/p>\n<p>Il progetto prende in esame i villaggi e le case operaie sorti in Liguria con lo sviluppo dell\u2019industrializzazione \u2013 dalla seconda met\u00e0 del XIX secolo al secondo dopoguerra \u2013 per una lettura multidisciplinare condotta sia su fonti bibliografiche, archivistiche e iconografiche, sia sul campo per l\u2019analisi del costruito, dell\u2019inserimento territoriale e del recupero della storia-memoria dei luoghi.<\/p>\n<p>Il Ferrania Film Museum sar\u00e0 un museo \u201cvivo ed interattivo\u201d, con una concreta integrazione con la Fondazione 3M a Milano. Da Cairo si potranno visionare le 70 mila foto storiche dell\u2019archivio della Fondazione; ma anche contatti con Cinecitt\u00e0, vari musei della fotografia e del cinema, e le grandi firme della fotografia italiana.  E\u2019 previsto anche un piccolo laboratorio dove ottenere riproduzioni del materiale. <div class=\"single-img-content-container fullwidth-single shortcode standard\">\n    <div class=\"image_container\" style=\"text-align: center;\">\n        <picture class=\" lazyload\"><img loading=\"lazy\" class=\"lazy\" data-srcset=\"https:\/\/www.ivg.it\/photogallery_new\/images\/2016\/10\/museo-ferrania-lavori-361552.jpg 1024w, https:\/\/www.ivg.it\/photogallery_new\/images\/2016\/10\/museo-ferrania-lavori-361552.jpg 970w, https:\/\/www.ivg.it\/photogallery_new\/images\/2016\/10\/museo-ferrania-lavori-361552.jpg 660w, https:\/\/www.ivg.it\/photogallery_new\/images\/2016\/10\/museo-ferrania-lavori-361552.jpg 316w, https:\/\/www.ivg.it\/photogallery_new\/images\/2016\/10\/museo-ferrania-lavori-361552.jpg 150w\"  data-src=\"https:\/\/www.ivg.it\/photogallery_new\/images\/2016\/10\/museo-ferrania-lavori-361552.jpg\" alt=\"museo ferrania lavori\" \/><\/picture>\r\n\n    <\/div>\n    <\/div>\n<\/p>\n<p>&#8220;Il Ferrania Film Museum rappresenta una memoria storica sul fronte della produzione industriale ma anche, e forse soprattutto, sotto il profilo storico, sociale e culturale, raccontando il forte legame della citt\u00e0 con la fabbrica\u201d aggiunge il primo cittadino cairese.<\/p>\n<p>Il museo sorger\u00e0 all&#8217;ultimo piano della palazzina, mentre ai due piani sottostanti sar\u00e0 insediata la Biblioteca civica e i servizi culturali, lasciando cos\u00ec spazio a Palazzo di Citt\u00e0 per il trasferimento del Comune. \u201cUna operazione che speriamo di completare per la primavera-estate del 2017, al museo abbiamo dato priorit\u00e0, in seguito con l\u2019inaugurazione della struttura inizieranno i lavori sugl\u2019altri due piani dello stabile. Il museo sar\u00e0 comunque visitabile\u201d conclude il primo cittadino di Cairo. <div class=\"single-img-content-container fullwidth-single shortcode standard\">\n    <div class=\"image_container\" style=\"text-align: center;\">\n        <picture class=\" lazyload\"><img loading=\"lazy\" class=\"lazy\" data-srcset=\"https:\/\/www.ivg.it\/photogallery_new\/images\/2016\/10\/museo-ferrania-lavori-361554.jpg 1024w, https:\/\/www.ivg.it\/photogallery_new\/images\/2016\/10\/museo-ferrania-lavori-361554.jpg 970w, https:\/\/www.ivg.it\/photogallery_new\/images\/2016\/10\/museo-ferrania-lavori-361554.jpg 660w, https:\/\/www.ivg.it\/photogallery_new\/images\/2016\/10\/museo-ferrania-lavori-361554.jpg 316w, https:\/\/www.ivg.it\/photogallery_new\/images\/2016\/10\/museo-ferrania-lavori-361554.jpg 150w\"  data-src=\"https:\/\/www.ivg.it\/photogallery_new\/images\/2016\/10\/museo-ferrania-lavori-361554.jpg\" alt=\"museo ferrania lavori\" \/><\/picture>\r\n\n    <\/div>\n    <\/div>\n<\/p>\n<p>Il progetto del muovo museo costa circa 300 mila euro, l\u201980% finanziato con fondi regionali e comprende le opere civili e impiantistiche, sia l\u2019allestimento museale e gli arredi connessi, con l&#8217;obiettivo di inaugurare la struttura all&#8217;inizio del 2017.<\/p>\n","protected":false},"excerpt":{"rendered":"<p>Sopralluogo del primo cittadino nel cantiere dei lavori per l&#8217;allestimento del nuovo museo<\/p>\n","protected":false},"author":4,"featured_media":0,"comment_status":"open","ping_status":"closed","sticky":false,"template":"","format":"standard","meta":{"footnotes":""},"categories":[45296,56],"tags":[69072,85197],"class_list":["post-394009","post","type-post","status-publish","format-standard","hentry","category-copertina","category-altre","tag-comune-cairo-montenotte","tag-ferrania-film-museum","post_cat_citta-cairo-montenotte","post_tag_personaggi-fulvio-briano-2"],"amp_validity":null,"amp_enabled":true,"_links":{"self":[{"href":"https:\/\/staging.ivg.it\/ediapi\/wp\/v2\/posts\/394009","targetHints":{"allow":["GET"]}}],"collection":[{"href":"https:\/\/staging.ivg.it\/ediapi\/wp\/v2\/posts"}],"about":[{"href":"https:\/\/staging.ivg.it\/ediapi\/wp\/v2\/types\/post"}],"author":[{"embeddable":true,"href":"https:\/\/staging.ivg.it\/ediapi\/wp\/v2\/users\/4"}],"replies":[{"embeddable":true,"href":"https:\/\/staging.ivg.it\/ediapi\/wp\/v2\/comments?post=394009"}],"version-history":[{"count":0,"href":"https:\/\/staging.ivg.it\/ediapi\/wp\/v2\/posts\/394009\/revisions"}],"wp:attachment":[{"href":"https:\/\/staging.ivg.it\/ediapi\/wp\/v2\/media?parent=394009"}],"wp:term":[{"taxonomy":"category","embeddable":true,"href":"https:\/\/staging.ivg.it\/ediapi\/wp\/v2\/categories?post=394009"},{"taxonomy":"post_tag","embeddable":true,"href":"https:\/\/staging.ivg.it\/ediapi\/wp\/v2\/tags?post=394009"}],"curies":[{"name":"wp","href":"https:\/\/api.w.org\/{rel}","templated":true}]}}