{"id":393973,"date":"2016-10-02T15:55:36","date_gmt":"2016-10-02T13:55:36","guid":{"rendered":"http:\/\/www.ivg.it\/?p=393973"},"modified":"2016-10-03T09:20:46","modified_gmt":"2016-10-03T07:20:46","slug":"aurelia-bis-forzano-punto-lo-scavo-della-galleria-san-paolo","status":"publish","type":"post","link":"https:\/\/staging.ivg.it\/2016\/10\/aurelia-bis-forzano-punto-lo-scavo-della-galleria-san-paolo\/","title":{"rendered":"Aurelia Bis, Forzano: &#8220;A che punto siamo con lo scavo della galleria San Paolo?&#8221;"},"content":{"rendered":"<p>A che punto siamo con lo scavo della Galleria San Paolo dell&#8217;Aurelia Bis?<\/p>\n<p>Al 1 maggio 2015 lo scavo era appena partito da Basci che \u00e8 stato fermato. Poi \u00e8 proseguito di poco, circa 200 metri, ed \u00e8 stato nuovamente fermato per le garanzie che chiedeva Autostrade.<\/p>\n<p>Queste garanzie sono state accolte il 3 agosto, data dell&#8217;ok alla prosecuzione. Ma un macchinario complesso come una talpa richieste almeno 7 giorni per essere avviato. I lavori riprendono dopo ferragosto 2016 di buona lena (anche 7 metri al giorno) e si supera l&#8217;autostrada.<\/p>\n<p>Sembra che si siano fatti un centinaio di metri in data 2 ottobre quando i lavori sono di nuovo fermi. Dove siamo? Dovremmo essere quasi sotto via Bruciati, ed in prossimit\u00e0 della Villa Seitun. Villa Seitun \u00e8 poco pi\u00f9 alta della galleria dell&#8217;Aurelia bis, ed il ruscelletto tra Villa Seitun e via Belvedere \u00e8 ad appena 10 metri &#8220;sopra&#8221; lo scavo della talpa.<\/p>\n<p>Un passaggio delicato da l\u00ec ad oltre via Gentile.<\/p>\n<p>Oltretutto proprio l\u00ec, sotto il giardino di Villa Seitun verso Savona, comincia l&#8217;allargamento della galleria per predisporre gli svincoli di Margonara.<\/p>\n<p>Ci sono pochissimi metri sopra lo scavo della talpa e si deve fare uno scavo parte con talpa parte con tecniche tradizionali.<\/p>\n<p>Ma, importantissimo!<\/p>\n<p>Il ministro Del Rio ha dato un &#8220;vigoroso taglio&#8221; agli investimenti in opere pubbliche, ha lasciato veramente poco da sperare per l&#8217;uscita Margonara.<\/p>\n<p>Chi sperava di fare l&#8217;allargamento della galleria principale dell&#8217;Aurelia bis, con i 12 milioni dei risparmi, e poi fare le restanti opere di svincolo (tra cui 2 gallerie da circa 500 metri ciascuna) del costo di 55 milioni (cos\u00ec alla procedura di VIA), forse restar\u00e0 deluso!<\/p>\n<p>1) Del Rio non ha dato assolutamente speranze.<br \/>\n2) I 12 milioni ci sono ancora? non ne sono stati spesi in parte per i maggiori costo delle analisi e del trasporto del materiale alla Maersk?<\/p>\n<p>Pertanto una domanda assolutamente urgente \u00e8: vale la pena?<\/p>\n<p>Vale la pena anche alla luce del servizio che potr\u00e0 dare?<\/p>\n<p style=\"text-align: right;\"><em><strong>Comitato Casello Albamare<\/strong><\/em><br \/>\n<em><strong>il Presidente<\/strong><\/em><br \/>\n<em><strong>Paolo Forzano<\/strong><\/em><\/p>\n","protected":false},"excerpt":{"rendered":"<p>A che punto siamo con lo scavo della Galleria San Paolo dell&#8217;Aurelia Bis? Al 1 maggio 2015 lo scavo era appena partito da Basci che \u00e8 stato fermato. Poi \u00e8 proseguito di poco, circa 200 metri, ed \u00e8 stato nuovamente fermato per le garanzie che chiedeva Autostrade. Queste garanzie sono state accolte il 3 agosto, [&hellip;]<\/p>\n","protected":false},"author":12120,"featured_media":0,"comment_status":"open","ping_status":"closed","sticky":false,"template":"","format":"standard","meta":{"footnotes":""},"categories":[45296,56,120],"tags":[54538],"class_list":["post-393973","post","type-post","status-publish","format-standard","hentry","category-copertina","category-altre","category-lettere","tag-aurelia-bis-savona","post_cat_citta-savona","post_tag_personaggi-paolo-forzano"],"amp_validity":null,"amp_enabled":true,"_links":{"self":[{"href":"https:\/\/staging.ivg.it\/ediapi\/wp\/v2\/posts\/393973","targetHints":{"allow":["GET"]}}],"collection":[{"href":"https:\/\/staging.ivg.it\/ediapi\/wp\/v2\/posts"}],"about":[{"href":"https:\/\/staging.ivg.it\/ediapi\/wp\/v2\/types\/post"}],"author":[{"embeddable":true,"href":"https:\/\/staging.ivg.it\/ediapi\/wp\/v2\/users\/12120"}],"replies":[{"embeddable":true,"href":"https:\/\/staging.ivg.it\/ediapi\/wp\/v2\/comments?post=393973"}],"version-history":[{"count":0,"href":"https:\/\/staging.ivg.it\/ediapi\/wp\/v2\/posts\/393973\/revisions"}],"wp:attachment":[{"href":"https:\/\/staging.ivg.it\/ediapi\/wp\/v2\/media?parent=393973"}],"wp:term":[{"taxonomy":"category","embeddable":true,"href":"https:\/\/staging.ivg.it\/ediapi\/wp\/v2\/categories?post=393973"},{"taxonomy":"post_tag","embeddable":true,"href":"https:\/\/staging.ivg.it\/ediapi\/wp\/v2\/tags?post=393973"}],"curies":[{"name":"wp","href":"https:\/\/api.w.org\/{rel}","templated":true}]}}