{"id":393903,"date":"2016-10-01T08:27:01","date_gmt":"2016-10-01T06:27:01","guid":{"rendered":"http:\/\/www.ivg.it\/?p=393903"},"modified":"2016-10-01T08:28:19","modified_gmt":"2016-10-01T06:28:19","slug":"restyling-completato-inaugurata-piazza-corradini-vado-ligure","status":"publish","type":"post","link":"https:\/\/staging.ivg.it\/2016\/10\/restyling-completato-inaugurata-piazza-corradini-vado-ligure\/","title":{"rendered":"Restyling completato inaugurata piazza Corradini a Vado Ligure"},"content":{"rendered":"<p><strong>Vado Ligure.<\/strong> Conclusi i lavori di riqualificazione per piazza Corradini che \u00e8 stata inaugurata dal sindaco Monica Giuliano e dalle autorit\u00e0 civili e militari. L&#8217;intervento ha interessato\u00a0la piazza dell\u2019ex stazione ferroviaria di Vado Ligure.<\/p>\n<p>Sono state ridisegnate le aiuole con il nuovo percorso pedonale all\u2019interno e completato il rifacimento dei marciapiedi. Al centro spazi verdi, mentre sul lato prospiciente la via Aurelia \u00e8 stato collocato un elemento commemorativo per ricordare la ferrovia e l\u2019ultracentenaria fabbrica delle locomotive elettriche di Vado Ligure. Del vecchio parcheggio, che prima occupava l\u2019intera piazza, restano 44 posti auto e 8 posti per le moto.<\/p>\n<p>La larghezza minima delle nuove corsie di transito intorno alla piazza sar\u00e0 \u00e8 dii 5 metri. L\u2019arredo dei nuovi spazi verdi ha previsto in totale 30 palme con 170 mq di superficie a prato, e aiuole con arbusti di rosmarino, lavanda e timo per un totale di 360 esemplari. <div class=\"single-img-content-container fullwidth-single shortcode standard\">\n    <div class=\"image_container\" style=\"text-align: center;\">\n        <picture class=\" lazyload\"><img loading=\"lazy\" class=\"lazy\" data-srcset=\"https:\/\/www.ivg.it\/photogallery_new\/images\/2016\/10\/piazza-corradini-vado-ligure-361126.jpg 1024w, https:\/\/www.ivg.it\/photogallery_new\/images\/2016\/10\/piazza-corradini-vado-ligure-361126.jpg 970w, https:\/\/www.ivg.it\/photogallery_new\/images\/2016\/10\/piazza-corradini-vado-ligure-361126.jpg 660w, https:\/\/www.ivg.it\/photogallery_new\/images\/2016\/10\/piazza-corradini-vado-ligure-361126.jpg 316w, https:\/\/www.ivg.it\/photogallery_new\/images\/2016\/10\/piazza-corradini-vado-ligure-361126.jpg 150w\"  data-src=\"https:\/\/www.ivg.it\/photogallery_new\/images\/2016\/10\/piazza-corradini-vado-ligure-361126.jpg\" alt=\"piazza corradini vado ligure\" \/><\/picture>\r\n\n    <\/div>\n    <\/div>\n<\/p>\n<p>Ultimato anche il restauro di Villa Groppallo, oggi museo, fu costruita nel 1693 e ampliata nei primi decenni del \u2018700, quando divenne una vera a propria villa. A met\u00e0 del XIX secolo la villa venne acquistata dalla famiglia Gropallo, nome poi storpiato in quello attuale. Nel 1973 il Comune di Vado Ligure acquist\u00f2 la villa che, dopo i primi lavori di restauro, dal 1982 \u00e8 diventata sede della pinacoteca e della biblioteca. Con i lavori, sostenuti da fondi europei, \u00e8 stata trasformata in vero e proprio museo, con collezioni archeologiche, scultoree e pittoriche. Nelle sale, divise in tre colori, ci sono statue di Arturo Martini, artista internazionale e orgoglio vadese al quale \u00e8 dedicata un\u2019intera area, e dell\u2019allievo Raimondi, i lasciti di Don Queirolo e ancora le opere vincenti del \u201cPremio Vado\u201d istituito negli anni 50.<\/p>\n<p>Assieme al museo \u00e8 stata risistemata, al piano superiore, la biblioteca civica, che \u00e8 raggiungibile con un ascensore esterno che dal giardino pu\u00f2 portare i disabili sia al primo piano sia sul terrazzo della biblioteca stessa. Sistemate anche le aree esterne, con molto verde, nuovi percorsi pedonali. Aiuole, siepi, nuova illuminazione.<\/p>\n<p>&nbsp;<\/p>\n","protected":false},"excerpt":{"rendered":"<p>Ultimato anche il restauro di Villa Groppallo, oggi museo, fu costruita nel 1693 e ampliata nei primi decenni del \u2018700<\/p>\n","protected":false},"author":12291,"featured_media":0,"comment_status":"open","ping_status":"closed","sticky":false,"template":"","format":"standard","meta":{"footnotes":""},"categories":[45296,56],"tags":[88862,86180],"class_list":["post-393903","post","type-post","status-publish","format-standard","hentry","category-copertina","category-altre","tag-piazza-corradini","tag-villa-groppallo","post_cat_citta-vado-ligure","post_tag_personaggi-monica-giuliano"],"amp_validity":null,"amp_enabled":true,"_links":{"self":[{"href":"https:\/\/staging.ivg.it\/ediapi\/wp\/v2\/posts\/393903","targetHints":{"allow":["GET"]}}],"collection":[{"href":"https:\/\/staging.ivg.it\/ediapi\/wp\/v2\/posts"}],"about":[{"href":"https:\/\/staging.ivg.it\/ediapi\/wp\/v2\/types\/post"}],"author":[{"embeddable":true,"href":"https:\/\/staging.ivg.it\/ediapi\/wp\/v2\/users\/12291"}],"replies":[{"embeddable":true,"href":"https:\/\/staging.ivg.it\/ediapi\/wp\/v2\/comments?post=393903"}],"version-history":[{"count":0,"href":"https:\/\/staging.ivg.it\/ediapi\/wp\/v2\/posts\/393903\/revisions"}],"wp:attachment":[{"href":"https:\/\/staging.ivg.it\/ediapi\/wp\/v2\/media?parent=393903"}],"wp:term":[{"taxonomy":"category","embeddable":true,"href":"https:\/\/staging.ivg.it\/ediapi\/wp\/v2\/categories?post=393903"},{"taxonomy":"post_tag","embeddable":true,"href":"https:\/\/staging.ivg.it\/ediapi\/wp\/v2\/tags?post=393903"}],"curies":[{"name":"wp","href":"https:\/\/api.w.org\/{rel}","templated":true}]}}