{"id":393635,"date":"2016-09-27T16:09:39","date_gmt":"2016-09-27T14:09:39","guid":{"rendered":"http:\/\/www.ivg.it\/?p=393635"},"modified":"2016-09-27T16:09:39","modified_gmt":"2016-09-27T14:09:39","slug":"albenga-piazza-del-popolo-torna-contest-musicale-rockincentro","status":"publish","type":"post","link":"https:\/\/staging.ivg.it\/2016\/09\/albenga-piazza-del-popolo-torna-contest-musicale-rockincentro\/","title":{"rendered":"Albenga, in piazza del Popolo torna il contest musicale di RockInCentro"},"content":{"rendered":"<p><strong>Albenga<\/strong>. Sabato primo ottobre alle 18.30 in piazza del Popolo ad Albenga torna \u201cRockinCentro\u201d , il concorso organizzato dall\u2019ufficio politiche giovanili del Comune di Albenga in collaborazione con il gruppo Yepp e nato per promuovere e valorizzare la cultura musicale nelle nuove generazioni offrendo l\u2019opportunit\u00e0 ai gruppi emergenti di esibirsi e misurarsi.<\/p>\n<p>All&#8217;edizione di quest&#8217;anno sono stati ammessi brani editi (cio\u00e8 cover) e inediti.&#8221;RockinCentro\u201d \u00e8 anche social: il pubblico, infatti, pu\u00f2 votare tramite smartphone e determinare cos\u00ec la vittoria della band preferita. In palio ci sono ricchi premi: per il primo classificato una targa ricordo e un book fotografico e un&#8217;intervista radiofonica; per il secondo classificato una targa ricordo e l&#8217;utilizzo della sala prove per due ore a settimana per due mesi; chi si aggiudicher\u00e0 il \u201cpremio della critica\u201d ricever\u00e0 una targa ricordo e quattro ore di registrazione; chi otterr\u00e0 il \u201cpremio del pubblico\u201d avr\u00e0 una targa ricordo e un&#8217;intervista radiofonica.<\/p>\n<p>La giuria \u00e8 di qualit\u00e0, composta da persone che hanno competenze nel mondo musicale e che aiuteranno i gruppi con i loro giudizi e le loro opinioni.<\/p>\n<p>La consigliera alle politiche giovanili del Comune di Albenga, Camilla Vio, spiega: \u201cRockInCentro \u00e8 un momento di confronto e divertimento che da anni oramai permette alle band emergenti del nostro territorio di mettersi in gioco. Novit\u00e0 di quest&#8217;anno sono il &#8216;premio della critica&#8217; e il premio offerto al primo classificato, cio\u00e8 un buono acquisto offerto dal &#8216;Caff\u00e8 Letterario ai Giardinetti&#8217; di piazza del popolo e dal negozio &#8216;OKay Musica di La Corte Boris&#8217;. Sar\u00e0 sicuramente molto apprezzato dalle band partecipanti. Voglio ringraziare a nome dell&#8217;amministrazione gli uffici delle politiche giovanili e in particolar modo Diego Sgarlato e Antonio Capezio, due giovani dell&#8217;associazione Yepp Albenga che con entusiasmo e passione stanno coordinando insieme a me l&#8217;evento\u201d.<\/p>\n<p>\u201cUn grazie anche a Radio Onda Ligure\u00a0per la massima collaborazione di sempre. Tra i partecipanti ci saranno alcuni veterani come i London Pride e I We Fly e altre band che si affacciano per la prima volta sul palcoscenico ingauno. Mi raccomando quest&#8217;anno \u00e8 stato inserito nuovamente il premio del pubblico che voter\u00e0 tramite cellulare, quindi partecipate numerosi per permettere alla band che pi\u00f9 vi piace di vincere\u201d.<\/p>\n<p>Per chiarimenti o domande, iscrizioni, documenti, cessione dei premi, \u00e8 possibile scrivere a centrogiovani@comune.albenga.sv.it o telefonare all&#8217;ufficio servizi educativi 0182\/5685239-0182\/5685220 dal luned\u00ec al venerd\u00ec dalle 8.30 alle 14.30 e il marted\u00ec e gioved\u00ec dalle 15 alle 18 o visitare la pagina Facebook \u201cRockInCentro\u201d.<\/p>\n","protected":false},"excerpt":{"rendered":"<p>Appuntamento sabato primo ottobre alle 18.30<\/p>\n","protected":false},"author":12120,"featured_media":0,"comment_status":"open","ping_status":"closed","sticky":false,"template":"","format":"standard","meta":{"footnotes":""},"categories":[45296,56],"tags":[88784],"class_list":["post-393635","post","type-post","status-publish","format-standard","hentry","category-copertina","category-altre","tag-rockincentro","post_cat_citta-albenga","post_tag_personaggi-camilla-vio"],"amp_validity":null,"amp_enabled":true,"_links":{"self":[{"href":"https:\/\/staging.ivg.it\/ediapi\/wp\/v2\/posts\/393635","targetHints":{"allow":["GET"]}}],"collection":[{"href":"https:\/\/staging.ivg.it\/ediapi\/wp\/v2\/posts"}],"about":[{"href":"https:\/\/staging.ivg.it\/ediapi\/wp\/v2\/types\/post"}],"author":[{"embeddable":true,"href":"https:\/\/staging.ivg.it\/ediapi\/wp\/v2\/users\/12120"}],"replies":[{"embeddable":true,"href":"https:\/\/staging.ivg.it\/ediapi\/wp\/v2\/comments?post=393635"}],"version-history":[{"count":0,"href":"https:\/\/staging.ivg.it\/ediapi\/wp\/v2\/posts\/393635\/revisions"}],"wp:attachment":[{"href":"https:\/\/staging.ivg.it\/ediapi\/wp\/v2\/media?parent=393635"}],"wp:term":[{"taxonomy":"category","embeddable":true,"href":"https:\/\/staging.ivg.it\/ediapi\/wp\/v2\/categories?post=393635"},{"taxonomy":"post_tag","embeddable":true,"href":"https:\/\/staging.ivg.it\/ediapi\/wp\/v2\/tags?post=393635"}],"curies":[{"name":"wp","href":"https:\/\/api.w.org\/{rel}","templated":true}]}}