{"id":393522,"date":"2016-09-26T11:15:27","date_gmt":"2016-09-26T09:15:27","guid":{"rendered":"http:\/\/www.ivg.it\/?p=393522"},"modified":"2016-09-26T11:15:27","modified_gmt":"2016-09-26T09:15:27","slug":"albenga-allambra-scena-maria-callas-dal-trionfo-alloblio","status":"publish","type":"post","link":"https:\/\/staging.ivg.it\/2016\/09\/albenga-allambra-scena-maria-callas-dal-trionfo-alloblio\/","title":{"rendered":"Albenga, all&#8217;Ambra in scena &#8220;Maria Callas dal trionfo all&#8217;oblio&#8221;"},"content":{"rendered":"<p><strong>Albenga<\/strong>. Venerd\u00ec 30 settembre, alle ore 21, presso il teatro Ambra di Albenga, andr\u00e0 in scena, con il patrocinio del Comune di Albenga, lo spettacolo &#8220;Maria Callas dal trionfo all&#8217;oblio&#8221;.<\/p>\n<p>\u201cOspitare eventi di qualit\u00e0 e di alto livello arricchisce la sensibilit\u00e0 e nutre la cultura dello spettatore , oltre che contribuire ad affinare il &#8216;gusto per il bello e l\u2019arte&#8217; di cui la nostra citt\u00e0 \u00e8 ricchissima \u2013 afferma il vice sindaco Riccardo Tomatis &#8211; La vita travolgente di un mito indiscusso e intramontabile della lirica, la divina Maria Callas, raccontata attraverso i ricordi dei suoi fedeli collaboratori&#8221;.<\/p>\n<p>Questi i personaggi: Ferruccio, il maggiordomo, interpretato da Edoardo Siravo, attore teatrale e cinematografico, (lo ricordiamo in Vivere, Distretto di Polizia, Commissario Rex, Maresciallo Rocca\u2026.Come doppiatore, ha inoltre prestato la sua meravigliosa voce a G. Depardieu, C. Reewe, J. Irons, K. Costner e molti altri divi dello spettacolo. Al suo fianco vi sar\u00e0 l&#8217;albenganese Giulia Isnardi, che ha mosso i primi passi come attrice nel teatro della sua citt\u00e0 e in compagnie amatoriali per approdare, in questa Prima Assoluta di teatro in musica, alla collaborazione con grandi professionisti. Giulia dar\u00e0 vita al personaggio della fedele governante Bruna. Ferruccio e Bruna rimasti soli nella casa della Divina a Parigi evocano ricordi ricchi di pathos ed emozioni, confidenze private che la Callas avrebbe potuto fare soltanto a loro\u2026 da questi momenti emerger\u00e0 la potenza dell&#8217;artista e la fragilit\u00e0 della donna.<\/p>\n<p>I ricordi saranno intervallati dalle arie pi\u00f9 celebri del repertorio di Maria, il tutto in un&#8217; onda emozionale tra recitazione e canto che pervader\u00e0 ogni singolo spettatore. Ad interpretare i brani sar\u00e0 il soprano Angelica Cirillo, la quale come un fantasma alegger\u00e0 nella casa e come tale non sar\u00e0 mai visibile in scena, ma se ne potr\u00e0 intravedere solamente l&#8217;ombra grazie a sapienti giochi di luci. Repliche dello spettacolo sul territorio nazionale a partire dal 2 Ottobre. La parte musicale sar\u00e0 affidata alla pianista M. Angiolina Sensale. Il testo e la regia sono a cura di Simonetta Vandone.<\/p>\n<p>Biglietti in Prevendita presso la Libreria &#8220;Le Torri&#8221; e il Caff\u00e8 Letterario &#8220;Ai giardinetti&#8221;, oppure la sera dello spettacolo al botteghino del teatro a partire dalle ore 20. Costo del biglietto 20 euro (under 18 ridotto a 10 Euro).<\/p>\n<p>Un ringraziamento particolare per il patrocinio a: Comune di Albenga Assessorato alla Cultura, Fieui di Caruggi, Confcommercio Albenga, Fidapa &#8211; BPW Italy sezione di Albenga.<\/p>\n<p>Sponsor dell&#8217;evento: Ottica Ottobelli, Ops Group, DV Video produzioni, Liberia Le Torri, Caff\u00e8 Letterario A Giardinetti, Ex Atelier, Hotel Solemare, Vibreservice, Bacchetta, Sotto il.<\/p>\n","protected":false},"excerpt":{"rendered":"<p>Appuntamento venerd\u00ec 30 settembre alle ore 21<\/p>\n","protected":false},"author":2394,"featured_media":0,"comment_status":"open","ping_status":"closed","sticky":false,"template":"","format":"standard","meta":{"footnotes":""},"categories":[56],"tags":[],"class_list":["post-393522","post","type-post","status-publish","format-standard","hentry","category-altre","post_cat_citta-albenga"],"amp_validity":null,"amp_enabled":true,"_links":{"self":[{"href":"https:\/\/staging.ivg.it\/ediapi\/wp\/v2\/posts\/393522","targetHints":{"allow":["GET"]}}],"collection":[{"href":"https:\/\/staging.ivg.it\/ediapi\/wp\/v2\/posts"}],"about":[{"href":"https:\/\/staging.ivg.it\/ediapi\/wp\/v2\/types\/post"}],"author":[{"embeddable":true,"href":"https:\/\/staging.ivg.it\/ediapi\/wp\/v2\/users\/2394"}],"replies":[{"embeddable":true,"href":"https:\/\/staging.ivg.it\/ediapi\/wp\/v2\/comments?post=393522"}],"version-history":[{"count":0,"href":"https:\/\/staging.ivg.it\/ediapi\/wp\/v2\/posts\/393522\/revisions"}],"wp:attachment":[{"href":"https:\/\/staging.ivg.it\/ediapi\/wp\/v2\/media?parent=393522"}],"wp:term":[{"taxonomy":"category","embeddable":true,"href":"https:\/\/staging.ivg.it\/ediapi\/wp\/v2\/categories?post=393522"},{"taxonomy":"post_tag","embeddable":true,"href":"https:\/\/staging.ivg.it\/ediapi\/wp\/v2\/tags?post=393522"}],"curies":[{"name":"wp","href":"https:\/\/api.w.org\/{rel}","templated":true}]}}