{"id":393480,"date":"2016-09-25T18:20:37","date_gmt":"2016-09-25T16:20:37","guid":{"rendered":"http:\/\/www.ivg.it\/?p=393480"},"modified":"2016-09-25T18:23:11","modified_gmt":"2016-09-25T16:23:11","slug":"si-costruiscono-talenti","status":"publish","type":"post","link":"https:\/\/staging.ivg.it\/2016\/09\/si-costruiscono-talenti\/","title":{"rendered":"Come si costruiscono i talenti?"},"content":{"rendered":"<p>Nonostante nel calcio professionistico vi siano esempi pi\u00f9 o meno positivi e pi\u00f9 o meno negativi, di sviluppo del settore giovanile, il migliore senza dubbio lo fornisce l&#8217;Atalanta, che da tempo sfoggia il pi\u00f9 prolifico a livello nazionale.<\/p>\n<p>I giovani calciatori nerazzurri crescono nel centro sportivo di Zingonia, vicino a Bergamo, che non \u00e8 un agglomerato n\u00e9 un quartiere. Il nome deriva dal fatto che fu costruito negli anni &#8217;60 dall&#8217;imprenditore romano Renzo Zingone. In origine doveva diventare una sorta di citt\u00e0 ideale, con perfetta integrazione tra lavoro, casa e attivit\u00e0 ricreative e invece divenne un modellino che oggi ospita uno dei \u00a0pi\u00f9 vincenti vivai d&#8217;Europa.<\/p>\n<p>L&#8217;uomo che lo ha reso tale, e che ne \u00e8 stato a lungo il responsabile, si chiama Mino Favini e da poco ha smesso di reggerne le sorti. Dopo la carriera da calciatore e 20 passati a dirigere i baby del Como per altri 20 e passa ha fatto lo stesso nella Dea.<\/p>\n<p>Il guru Favini afferma da sempre che nei giovani<b> il punto fondamentale \u00e8 lo stop<\/b>: \u00e8 da quello che si giudica un giocatore. In questi ultimi anni la discussione sui vivai \u00e8 stata una specie di perpetuo sottofondo, ma come fare per centrare l&#8217;obiettivo? Osservare il funzionamento della cantera \u00a0dell&#8217;Atalanta \u2013 la prima in Italia e l&#8217;ottava nel circuito UEFA secondo uno studio recente \u2013 pu\u00f2 fornire qualche valido indizio. Innanzitutto <b>ci vogliono pazienza e idee<\/b>, spiegano nell&#8217;ambiente nerazzurro.<\/p>\n<p>&#8220;Noi lavoriamo al contrario di societ\u00e0 come l&#8217;Udinese. Loro prendono giocatori gi\u00e0 selezionati, noi invece partiamo dai bambini di 8 anni e li portiamo fino al campionato Primavera, l&#8217;ultimo passaggio della filiera&#8221;. L&#8217;esempio perfetto \u00e8 rappresentato da Gianpaolo Bellini, entrato nei pulcini e diventato capitano dell&#8217;Atalanta in Serie A. All&#8217;altro estremo ci sono i grandi club, che comprano molti giocatori di 16 o 17 anni investendo milioni di euro.<\/p>\n<p>&#8220;La differenza \u00e8 che i nostri allievi crescono per diversi anni seguendo gli stessi criteri, seguiti da istruttori che hanno s\u00ec giocato a calcio ma che nel contempo hanno anche una preparazione culturale importante&#8221; ci dicono alla corte di Percassi.<\/p>\n<p>&#8220;Gli allenamenti tecnici si basano sulla ripetitivit\u00e0 dei singoli gesti; per ogni piccolo atleta viene aggiornata una scheda ogni tre mesi. Tutti i tesserati sono seguiti da una psicopedagogista e da tre tutor che controllano formazione e rendimento a scuola. Naturalmente, anche qui <b>ci vogliono soldi<\/b> (si calcola poco meno di 4 milioni di euro a stagione) <b>e strutture <\/b>adeguate. Il nostro complesso comprende sette campi ed \u00e8 stato appena rinnovato con un investimento da 10 milioni di euro e la costruzione di una nuova palazzina dedicata interamente alle future promesse. Ne vale la pena a guardare l&#8217;elenco dei calciatori prodotti negli ultimi vent&#8217;anni dal settore giovanile dall&#8217;Atalanta: da Baselli a Tacchinardi, da Montolivo a Bonventura, da Pazzini a Zaza fino a Zauri e i gemelli Zenoni, e si potrebbe andare avanti a lungo. Hanno tutti una cosa in comune, di cui si pu\u00f2 essere molto fieri: <b>sono buoni calciatori, non fenomeni.<\/b> La pi\u00f9 grande soddisfazione \u00e8 quando in giro dicono che un nostro ragazzo che \u00e8 andato a giocare in prestito si comporta bene, ha <b>buona volont\u00e0 e dedizione<\/b>. Magari non diventerai un campione, ma se hai buone \u00abattitudini\u00bb e molta voglia di lavorare l&#8217;Atalanta ti render\u00e0 un buon calciatore.\u00a0I selezionati sono quasi tutti bergamaschi o comunque lombardi. Quelli che vengono da fuori sono meno di 20 e vivono in una struttura gestita dalla diocesi.<b> Il ruolo in campo si decide non prima dei 14 anni<\/b>. Il lavoro sulla personalit\u00e0 negli ultimi tempi \u00e8 diventato pi\u00f9 complicato. Nel nostro mondo sono entrate persone che non c&#8217;entrano niente col calcio: i procuratori. A loro non costa niente lusingare un ragazzo e la sua famiglia: da l\u00ec nascono problemi ai quali non eravamo preparati. <b>Noi facciamo notare i difetti prima dei pregi; i procuratori fanno l&#8217;opposto<\/b>. Spesso consigliamo di leggere attentamente le varie formazioni dell&#8217;Interregionale. Molti di questi erano ritenuti dei fenomeni, almeno da qualcuno al di fuori dal contesto&#8221;.<\/p>\n<p>&#8220;Adesso dove giocano? &#8211; facciamo notare. Nei dilettanti. Si tratta di giocatori di buonissima qualit\u00e0, che per\u00f2 non hanno capito che occorreva qualcosa di pi\u00f9 per arrivare lontani. C&#8217;\u00e8 come una sorta di concorso di colpa. Da una parte l&#8217;esplosione del mercato dei calciatori minorenni ha reso pi\u00f9 difficile un&#8217;adeguata formazione della personalit\u00e0. Dall&#8217;altra parte c&#8217;entrano gli errori degli allenatori che pur di vincere questo o quel torneo hanno trascurato l&#8217;espressione del gioco. A volte l&#8217;importanza del risultato ha coinvolto anche noi, perch\u00e9 vincere \u00e8 bello. Poi ci siamo accorti che stavamo sbagliando qualcosa&#8221;.<\/p>\n","protected":false},"excerpt":{"rendered":"<p>Lo speciale Settore Giovanile del ct Vaniglia<\/p>\n","protected":false},"author":18,"featured_media":0,"comment_status":"open","ping_status":"closed","sticky":false,"template":"","format":"standard","meta":{"footnotes":""},"categories":[182,32],"tags":[85989,5327,58119],"class_list":["post-393480","post","type-post","status-publish","format-standard","hentry","category-calcio","category-sport","tag-calcio","tag-calcio-giovanile","tag-speciale-settore-giovanile","post_tag_personaggi-felicino-vaniglia"],"amp_validity":null,"amp_enabled":true,"_links":{"self":[{"href":"https:\/\/staging.ivg.it\/ediapi\/wp\/v2\/posts\/393480","targetHints":{"allow":["GET"]}}],"collection":[{"href":"https:\/\/staging.ivg.it\/ediapi\/wp\/v2\/posts"}],"about":[{"href":"https:\/\/staging.ivg.it\/ediapi\/wp\/v2\/types\/post"}],"author":[{"embeddable":true,"href":"https:\/\/staging.ivg.it\/ediapi\/wp\/v2\/users\/18"}],"replies":[{"embeddable":true,"href":"https:\/\/staging.ivg.it\/ediapi\/wp\/v2\/comments?post=393480"}],"version-history":[{"count":0,"href":"https:\/\/staging.ivg.it\/ediapi\/wp\/v2\/posts\/393480\/revisions"}],"wp:attachment":[{"href":"https:\/\/staging.ivg.it\/ediapi\/wp\/v2\/media?parent=393480"}],"wp:term":[{"taxonomy":"category","embeddable":true,"href":"https:\/\/staging.ivg.it\/ediapi\/wp\/v2\/categories?post=393480"},{"taxonomy":"post_tag","embeddable":true,"href":"https:\/\/staging.ivg.it\/ediapi\/wp\/v2\/tags?post=393480"}],"curies":[{"name":"wp","href":"https:\/\/api.w.org\/{rel}","templated":true}]}}