{"id":393417,"date":"2016-09-24T10:40:41","date_gmt":"2016-09-24T08:40:41","guid":{"rendered":"http:\/\/www.ivg.it\/?p=393417"},"modified":"2016-09-24T10:40:41","modified_gmt":"2016-09-24T08:40:41","slug":"laigueglia-la-fiera-san-mate-prosegue-lo-spettacolo-pirotecnico","status":"publish","type":"post","link":"https:\/\/staging.ivg.it\/2016\/09\/laigueglia-la-fiera-san-mate-prosegue-lo-spettacolo-pirotecnico\/","title":{"rendered":"Laigueglia, la fiera di San Mat\u00e8 prosegue con lo spettacolo pirotecnico"},"content":{"rendered":"<p><strong>Laigueglia<\/strong>. E&#8217; in corso, a Laigueglia, la 34^ edizione della fiera \u201cSan MaT\u00e8 &#8211; da u-m\u00f2 e da-a tera&#8221;. Ieri si \u00e8 tenuta la giornata di apertura, con un grande successo di affluenza dalle prime ore del mattino per questo atteso appuntamento con le antiche tradizioni.<\/p>\n<p>Oggi sabato 24 settembre seconda giornata: continua il percorso attraverso l&#8217;artigianato, la marineria, l&#8217;enogastronomia, con in apertura di mattinata l&#8217;intrattenimento musicale itinerante della Banda musicale di Loano Sbanday Street Band.\u00a0Alle 11 la spettacolare rievocazione storica del trasbordo delle botti dal mare alla spiaggia e degustazione di vino con i tradizionali &#8220;pirun&#8221;, a cura della Compagnia delle Vele Latine di La Spezia Leudo Zigoela. Alle 16 &#8220;Chiesa di san Matteo: Storia Arte e Tradizioni&#8221;, visita guidata alla chiesa di san Matteo a cura di Anna Celant Marino.Alle 18 arriva lo spazio dedicato all&#8217;arte, che si ripeter\u00e0 anche domenica 25 alle 11: &#8220;Caravaggio dipinge san Matteo, Patrono di Laigueglia&#8221;: incontro con il critico Valeriano Venneri presso l&#8217;ex Delegazione di Spiaggia in Piazza Cavour.<\/p>\n<p>Confermato l&#8217;appuntamento, dopo il successo di ieri, con i giochi del cortile e i laboratori, e ancora con le sculture di legno realizzate in diretta in piazza Preve, la dimostrazione delle tecniche di pesca e l&#8217;esposizione delle tipiche imbarcazioni liguri.\u00a0In serata alle 20.30 il concerto Coro Capo Mele &#8211; Corale Alassina presso la chiesa di san Matteo.<\/p>\n<p>Questa seconda giornata avr\u00e0 come fulcro d&#8217;attenzione il tanto atteso\u00a0spettacolo di fuochi d&#8217;artificio su base musicale, che illuminer\u00e0 il cielo di Laigueglia\u00a0alle 22 dal molo centrale.<\/p>\n","protected":false},"excerpt":{"rendered":"<p>I fuochi illumineranno il cielo di Laigueglia alle 22 dal molo centrale<\/p>\n","protected":false},"author":12120,"featured_media":0,"comment_status":"open","ping_status":"closed","sticky":false,"template":"","format":"standard","meta":{"footnotes":""},"categories":[56],"tags":[75492],"class_list":["post-393417","post","type-post","status-publish","format-standard","hentry","category-altre","tag-fiera-san-matteo-laigueglia","post_cat_citta-laigueglia"],"amp_validity":null,"amp_enabled":true,"_links":{"self":[{"href":"https:\/\/staging.ivg.it\/ediapi\/wp\/v2\/posts\/393417","targetHints":{"allow":["GET"]}}],"collection":[{"href":"https:\/\/staging.ivg.it\/ediapi\/wp\/v2\/posts"}],"about":[{"href":"https:\/\/staging.ivg.it\/ediapi\/wp\/v2\/types\/post"}],"author":[{"embeddable":true,"href":"https:\/\/staging.ivg.it\/ediapi\/wp\/v2\/users\/12120"}],"replies":[{"embeddable":true,"href":"https:\/\/staging.ivg.it\/ediapi\/wp\/v2\/comments?post=393417"}],"version-history":[{"count":0,"href":"https:\/\/staging.ivg.it\/ediapi\/wp\/v2\/posts\/393417\/revisions"}],"wp:attachment":[{"href":"https:\/\/staging.ivg.it\/ediapi\/wp\/v2\/media?parent=393417"}],"wp:term":[{"taxonomy":"category","embeddable":true,"href":"https:\/\/staging.ivg.it\/ediapi\/wp\/v2\/categories?post=393417"},{"taxonomy":"post_tag","embeddable":true,"href":"https:\/\/staging.ivg.it\/ediapi\/wp\/v2\/tags?post=393417"}],"curies":[{"name":"wp","href":"https:\/\/api.w.org\/{rel}","templated":true}]}}