{"id":393275,"date":"2016-09-22T12:19:03","date_gmt":"2016-09-22T10:19:03","guid":{"rendered":"http:\/\/www.ivg.it\/?p=393275"},"modified":"2016-09-22T12:19:03","modified_gmt":"2016-09-22T10:19:03","slug":"mostra-collettiva-amatriciana-artistica-solidale","status":"publish","type":"post","link":"https:\/\/staging.ivg.it\/2016\/09\/mostra-collettiva-amatriciana-artistica-solidale\/","title":{"rendered":"Mostra collettiva con Amatriciana artistica solidale"},"content":{"rendered":"<p>Per la solidariet\u00e0 per la cittadina di Amatrice (RI) colpita dal terremoto lo scorso agosto, caARTEiv vuole contribuire con il dono degli artisti di opere per la raccolta fondi per la ricostruzione: Gianni Pascoli &#8211; Franca Moraglio Giugurta &#8211; Silvano Bardoscia &#8211; Rosanna Ferro &#8211; Vito Palazzo &#8211; Simona Bellone<\/p>\n<p>Le opere artistiche donate sono visibili in http:\/\/www.caarteiv.it\/ArtistiPerAmatrice.htm<\/p>\n<p>La mostra collettiva di pittura scultura e fotografia prosegue nel weekend della Festa del Tartufo millesimese presso la Sala Consiliare del Comune di Millesimo (SV), con apertura al pubblico con questo orario: mattutina 9:30-12:00 pomeridiana 15:30-18:30 serale 20:30-23:00.<\/p>\n<p>Con l\u2019intero ricavato, verr\u00e0 effettuato e reso pubblico un bonifico diretto al Comune di Amatrice.<\/p>\n<p>Il Piatto dell\u2019Amatriciana in miniatura realizzato in tecnica mista con terracotta e terraglia bianca dall\u2019Artista Simona Bellone \u00e8 da lei offerto in 1000 copie numerate e firmate per raccolta fondi per il paese di Amatrice vittima del terremoto del 24\/08\/2016 ore 3:36 .<br \/>\nOgni confezione 5&#215;5 cm. viene messa in offerta a Euro 5,00. La tiratura da collezionismo \u00e8 limitata e realizzata solo per tale evento. Riproduce gli spaghetti bianchi con guanciale a pezzetti bicolore e salsa di pomodoro rossa a forma di cuore con incisa la \u201cA\u201d di Amatrice e Amore per la ricostruzione di questo paese. La forma del fiocco simboleggia la rinascita di Amatrice.<\/p>\n<p>Il valore di base richiesto \u00e8 di 50,00 Euro per acquarelli e grafica su cartoncino, sculture in terracotta, Euro 100,00 per dipinti su tela e smalto su ceramica.<br \/>\nE\u2019 ben accetta ogni offerta superiore a tale scopo benefico, per aggiudicarsi le preziose opere donate, uniche ed autografate.<\/p>\n<p>Saranno disponibili copie in pergamena dell&#8217;autentica ricetta dell&#8217;Amatriciana con la poesia in romanesco dell&#8217;artista Simona Bellone.<\/p>\n<p>Per ogni ulteriore informazione: simona.bellone@gmail.com &#8211; www.caarteiv.it<\/p>\n<p>La comunit\u00e0 \u00e8 invitata a presenziare e a contribuire con offerte. Verranno in seguito comunicati sia l&#8217;importo raggiunto nonch\u00e9 copia del bonifico diretto che si effettuer\u00e0 al Comune di Amatrice. Contiamo di raggiungere un buon risultato, che sar\u00e0, comunque vada, utile per aiutare la popolazione amatriciana a risorgere dal dramma subito.<\/p>\n","protected":false},"excerpt":{"rendered":"<p>Per la solidariet\u00e0 per la cittadina di Amatrice (RI) colpita dal terremoto lo scorso agosto, caARTEiv vuole contribuire con il dono degli artisti di opere per la raccolta fondi per la ricostruzione: Gianni Pascoli &#8211; Franca Moraglio Giugurta &#8211; Silvano Bardoscia &#8211; Rosanna Ferro &#8211; Vito Palazzo &#8211; Simona Bellone Le opere artistiche donate sono [&hellip;]<\/p>\n","protected":false},"author":4238,"featured_media":0,"comment_status":"open","ping_status":"closed","sticky":false,"template":"","format":"standard","meta":{"footnotes":""},"categories":[56,57715],"tags":[],"class_list":["post-393275","post","type-post","status-publish","format-standard","hentry","category-altre","category-no-profit","post_cat_citta-millesimo"],"amp_validity":null,"amp_enabled":true,"_links":{"self":[{"href":"https:\/\/staging.ivg.it\/ediapi\/wp\/v2\/posts\/393275","targetHints":{"allow":["GET"]}}],"collection":[{"href":"https:\/\/staging.ivg.it\/ediapi\/wp\/v2\/posts"}],"about":[{"href":"https:\/\/staging.ivg.it\/ediapi\/wp\/v2\/types\/post"}],"author":[{"embeddable":true,"href":"https:\/\/staging.ivg.it\/ediapi\/wp\/v2\/users\/4238"}],"replies":[{"embeddable":true,"href":"https:\/\/staging.ivg.it\/ediapi\/wp\/v2\/comments?post=393275"}],"version-history":[{"count":0,"href":"https:\/\/staging.ivg.it\/ediapi\/wp\/v2\/posts\/393275\/revisions"}],"wp:attachment":[{"href":"https:\/\/staging.ivg.it\/ediapi\/wp\/v2\/media?parent=393275"}],"wp:term":[{"taxonomy":"category","embeddable":true,"href":"https:\/\/staging.ivg.it\/ediapi\/wp\/v2\/categories?post=393275"},{"taxonomy":"post_tag","embeddable":true,"href":"https:\/\/staging.ivg.it\/ediapi\/wp\/v2\/tags?post=393275"}],"curies":[{"name":"wp","href":"https:\/\/api.w.org\/{rel}","templated":true}]}}