{"id":392952,"date":"2016-09-18T12:21:08","date_gmt":"2016-09-18T10:21:08","guid":{"rendered":"http:\/\/www.ivg.it\/?p=392952"},"modified":"2016-09-18T12:27:30","modified_gmt":"2016-09-18T10:27:30","slug":"pedibus-savona-verdi-allattacco-totale-disinteresse-dellamministrazione-caprioglio","status":"publish","type":"post","link":"https:\/\/staging.ivg.it\/2016\/09\/pedibus-savona-verdi-allattacco-totale-disinteresse-dellamministrazione-caprioglio\/","title":{"rendered":"&#8220;Pedibus&#8221; a Savona, i Verdi all&#8217;attacco: &#8220;Totale disinteresse dell&#8217;amministrazione Caprioglio&#8221;"},"content":{"rendered":"<p><strong>Savona.<\/strong> \u201cSe 2.000 euro vi sembrano troppi&#8230;Si \u00e8 chiusa nel disinteresse generale della citt\u00e0 una bella esperienza che &#8220;sintonizzava&#8221; Savona con altre citt\u00e0 italiane ed europee che portano la sostenibilit\u00e0 ambientale nella vita di tutti i giorni\u201d. I Verdi savonesi tornano all\u2019attacco dell\u2019amministrazione Caprioglio sul taglio previsto al servizio \u201cPedibus\u201d, gi\u00e0 al centro di aspre polemiche nella citt\u00e0 della Torretta.<\/p>\n<p>\u201cL&#8217;autobus a piedi condotto dai volontari Auser che accompagnavano gruppi di bambini a scuola su cinque linee cittadine aveva preso il via dopo una pluriannuale attivit\u00e0 di sperimentazione, crescita culturale di genitori, docenti e giovani allievi realizzata, tra il 2001 e il 2009, dal Laboratorio per l&#8217;educazione ambientale del Comune. La prima esperienza, condotta alla scuola primaria Astengo, era stata oggetto di una relazione ufficiale presentata al secondo Congresso Mondiale dell&#8217;educazione ambientale di Torino del 2005\u201d.<\/p>\n<p>I giorni nostri che cosa ci restituiscono? Un disinteresse dell&#8217;Amministrazione Comunale in carica ad una gestione integrata del sistema urbana, una incapacit\u00e0 a vedere le correlazioni tra abitudini di mobilit\u00e0, benessere e salute delle cittadine e dei cittadini, occupazione del suolo pubblico con scatole di metallo che consumano l&#8217;80% delle risorse per muovere se stesse, possibilit\u00e0 di apprendere la citt\u00e0 camminando e opportunit\u00e0 di limitare le emissioni di CO2 che stanno cambiando il clima del pianeta\u201d.<\/p>\n<p>\u201cUn centro di educazione ambientale privo di personale competente e praticamente chiuso. Una ciliegina sulla torta: l&#8217;esperienza di utilizzo condiviso del bus realizzata autonomamente da genitori e volontari Auser che lo scorso anno coinvolgeva tutte le mattine 40 bambine e bambini frequentanti la scuola primaria del Santuario rischia di chiudere anch&#8217;essa. Occorre pagare il biglietto anche se si guarda il mondo da un metro da terra!\u201d concludono i Verdi savonesi.<\/p>\n","protected":false},"excerpt":{"rendered":"<p>Savona. \u201cSe 2.000 euro vi sembrano troppi&#8230;Si \u00e8 chiusa nel disinteresse generale della citt\u00e0 una bella esperienza che &#8220;sintonizzava&#8221; Savona con altre citt\u00e0 italiane ed europee che portano la sostenibilit\u00e0 ambientale nella vita di tutti i giorni\u201d. I Verdi savonesi tornano all\u2019attacco dell\u2019amministrazione Caprioglio sul taglio previsto al servizio \u201cPedibus\u201d, gi\u00e0 al centro di aspre [&hellip;]<\/p>\n","protected":false},"author":4,"featured_media":0,"comment_status":"open","ping_status":"closed","sticky":false,"template":"","format":"standard","meta":{"footnotes":""},"categories":[31],"tags":[40330,57413],"class_list":["post-392952","post","type-post","status-publish","format-standard","hentry","category-politica","tag-pedibus","tag-verdi-savonesi","post_cat_citta-savona"],"amp_validity":null,"amp_enabled":true,"_links":{"self":[{"href":"https:\/\/staging.ivg.it\/ediapi\/wp\/v2\/posts\/392952","targetHints":{"allow":["GET"]}}],"collection":[{"href":"https:\/\/staging.ivg.it\/ediapi\/wp\/v2\/posts"}],"about":[{"href":"https:\/\/staging.ivg.it\/ediapi\/wp\/v2\/types\/post"}],"author":[{"embeddable":true,"href":"https:\/\/staging.ivg.it\/ediapi\/wp\/v2\/users\/4"}],"replies":[{"embeddable":true,"href":"https:\/\/staging.ivg.it\/ediapi\/wp\/v2\/comments?post=392952"}],"version-history":[{"count":0,"href":"https:\/\/staging.ivg.it\/ediapi\/wp\/v2\/posts\/392952\/revisions"}],"wp:attachment":[{"href":"https:\/\/staging.ivg.it\/ediapi\/wp\/v2\/media?parent=392952"}],"wp:term":[{"taxonomy":"category","embeddable":true,"href":"https:\/\/staging.ivg.it\/ediapi\/wp\/v2\/categories?post=392952"},{"taxonomy":"post_tag","embeddable":true,"href":"https:\/\/staging.ivg.it\/ediapi\/wp\/v2\/tags?post=392952"}],"curies":[{"name":"wp","href":"https:\/\/api.w.org\/{rel}","templated":true}]}}