{"id":392630,"date":"2016-09-14T09:43:47","date_gmt":"2016-09-14T07:43:47","guid":{"rendered":"http:\/\/www.ivg.it\/?p=392630"},"modified":"2016-09-14T12:27:06","modified_gmt":"2016-09-14T10:27:06","slug":"piaggio-aerospace-presidio-lunione-industriali","status":"publish","type":"post","link":"https:\/\/staging.ivg.it\/2016\/09\/piaggio-aerospace-presidio-lunione-industriali\/","title":{"rendered":"Piaggio Aerospace, corteo a Savona: lavoratori sotto la Prefettura"},"content":{"rendered":"<p><strong>Villanova d&#8217;Albenga\/Savona.<\/strong> E&#8217; iniziato intorno alle 9:00 di questa mattina il presidio sotto l&#8217;Unione Industriali di Savona dei lavoratori della Piaggio Aerospace in sciopero per la decisione dell&#8217;azienda di aprire la procedura di mobilit\u00e0 per 132 dipendenti, 89 su Genova e 43 sullo stabilimento di Villanova d&#8217;Albenga, ovvero le maestranze attualmente in cassa integrazione.<\/p>\n<p>Poco dopo il presidio \u00e8 partito il corteo dei lavoratori diretto verso la Prefettura di Savona, dove Rsu e organizzazioni sindacali incontreranno il Prefetto per chiedere un nuovo e urgente incontro con il Governo.<\/p>\n<p>La protesta con lo sciopero e il corteo per le vie di Savona \u00e8 stata decisa dall&#8217;assemblea dei lavoratori. [tag name= &#8220;piaggio aerospace&#8221;]<\/p>\n<p>Sindacati ed Rsu aziendale chiederanno al Prefetto che venga fissata subito una data per un nuovo vertice in sede governativa e avere chiarimenti rispetto agli impegni presi nei precedenti incontri, cos\u00ec come sulle prospettive industriali e occupazionali.<\/p>\n<p>Tanta rabbia da parte dei tantissimi lavoratori presenti al corteo, che hanno ricevuto il sostegno e la presenza delle maestranze di Tirreno Power e Bombardier, altre due aziende del savonese al centro di altrettante difficili vertenze: presenti anche le Rsu di Bitron e Continental. <\/p>\n<p>&#8220;Serve una risposta forte da parte della politica, su Piaggio come sulle altre vertenze aperte in questo territorio. Per Piaggio c&#8217;\u00e8 una cassa integrazione aperta, della durata di 14 mesi, e la situazione \u00e8 di massima incertezza. Bisogna aggiornare il tavolo governativo, prima possibile, anche perch\u00e9 i segnali che sono arrivati dimostrano che siamo di fronte ad una azienda schizofrenica&#8221; dice il segretario provinciale della Fiom Andrea Mandraccia.<\/p>\n<p><iframe loading=\"lazy\" src=\"https:\/\/www.facebook.com\/plugins\/video.php?href=https%3A%2F%2Fwww.facebook.com%2FIVG.it%2Fvideos%2Fvb.202541403302%2F10154138460548303%2F%3Ftype%3D3&#038;show_text=0&#038;width=560\" width=\"560\" height=\"315\" style=\"border:none;overflow:hidden\" scrolling=\"no\" frameborder=\"0\" allowTransparency=\"true\" allowFullScreen=\"true\"><\/iframe><\/p>\n<p>&#8220;Ora come il sindacato anche gli altri dovranno prendersi le loro responsabilit\u00e0 e lavorare per una soluzione positiva della vertenza, il nostro strumento di azione \u00e8 la lotta e la contrattazione, con l&#8217;obiettivo di salvaguardare occupazione e produzioni industriali&#8221; afferma il segretario provinciale della Cgil Giulia Stella.<\/p>\n<p>&#8220;Anche l&#8217;Unione Industriali \u00e8 rimasta sorpresa dall&#8217;atteggiamento dell&#8217;azienda, una decisione unilaterale non compresa: le giustificazioni fornite sulla mobilit\u00e0 sono assurde e senza senso, oltre ad essere contrarie rispetto agli impegni presi&#8221; sottolinea Gianni Mazziotta della Uilm. <div class=\"single-img-content-container fullwidth-single shortcode standard\">\n    <div class=\"image_container\" style=\"text-align: center;\">\n        <picture class=\" lazyload\"><img loading=\"lazy\" class=\"lazy\" data-srcset=\"https:\/\/www.ivg.it\/photogallery_new\/images\/2016\/09\/piaggio-358252.jpg 1024w, https:\/\/www.ivg.it\/photogallery_new\/images\/2016\/09\/piaggio-358252.jpg 970w, https:\/\/www.ivg.it\/photogallery_new\/images\/2016\/09\/piaggio-358252.jpg 660w, https:\/\/www.ivg.it\/photogallery_new\/images\/2016\/09\/piaggio-358252.jpg 316w, https:\/\/www.ivg.it\/photogallery_new\/images\/2016\/09\/piaggio-358252.jpg 150w\"  data-src=\"https:\/\/www.ivg.it\/photogallery_new\/images\/2016\/09\/piaggio-358252.jpg\" alt=\"Piaggio\" \/><\/picture>\r\n\n    <\/div>\n    <\/div>\n<\/p>\n<p>E questa mattina si protesta anche a Genova, ecco le dichiarazioni di Antonio Apa, segretario generale Uilm: &#8220;Siamo di fronte ad un impazzimento del gruppo dirigente Piaggio e del suo azionista, i quali dopo aver concordato a giugno 2014 un piano di riorganizzazione con un accordo di programma, aprono un contenzioso con i sindacati, con un nuovo piano che tende a smobilitare la Piaggio. Renzi, va in giro a magnificare lo stato di salute del paese, ma si deve rendere conto che non si pu\u00f2 destrutturare ulteriormente la manifattura di questo paese&#8221;.<\/p>\n<p>&#8220;Oltre il danno la beffa&#8230;Mubadala si prepara ad incassare l\u2019ingresso di Finmeccanica, risorse che incasserebbe dalla stessa, pi\u00f9 aerei dal Governo da inserire nella Legge di Stabilit\u00e0, rispetto a questa grossa mancia, se il Governo dovesse accompagnare un disegno siffatto, coprendo licenziamenti dei lavoratori e la messa in mora dell\u2019accordo 2014, dovrebbe semplicemente vergognarsi. Proporr\u00f2, domani, all&#8217;Esecutivo Uil lo sciopero generale da concordare con Cisl e Cgil di tutte le categorie, industriali e non, e le istituzioni, in quanto vogliamo creare la stessa tensione e attenzione sviluppata negli anni precedenti per la cantieristica&#8221;. <div class=\"single-img-content-container fullwidth-single shortcode standard\">\n    <div class=\"image_container\" style=\"text-align: center;\">\n        <picture class=\" lazyload\"><img loading=\"lazy\" class=\"lazy\" data-srcset=\"https:\/\/www.ivg.it\/photogallery_new\/images\/2016\/09\/sciopero-e-corteo-dei-lavoratori-ericsson-358248.jpg 1024w, https:\/\/www.ivg.it\/photogallery_new\/images\/2016\/09\/sciopero-e-corteo-dei-lavoratori-ericsson-358248.jpg 970w, https:\/\/www.ivg.it\/photogallery_new\/images\/2016\/09\/sciopero-e-corteo-dei-lavoratori-ericsson-358248.jpg 660w, https:\/\/www.ivg.it\/photogallery_new\/images\/2016\/09\/sciopero-e-corteo-dei-lavoratori-ericsson-358248.jpg 316w, https:\/\/www.ivg.it\/photogallery_new\/images\/2016\/09\/sciopero-e-corteo-dei-lavoratori-ericsson-358248.jpg 150w\"  data-src=\"https:\/\/www.ivg.it\/photogallery_new\/images\/2016\/09\/sciopero-e-corteo-dei-lavoratori-ericsson-358248.jpg\" alt=\"Sciopero e corteo dei lavoratori Ericsson\" \/><\/picture>\r\n\n    <\/div>\n    <\/div>\n<\/p>\n<p>&#8220;Ogni giorno c&#8217;e n&#8217;\u00e8 una&#8230;Non possiamo traballare sempre per il posto di lavoro, l&#8217;escalation da parte dell&#8217;azienda \u00e8 inaccettabile e per questo siamo pronti ad una dura lotta. Vogliamo quelle certezze e quelle garanzie che ci erano state promesse e che invece sembrano svanire&#8230;&#8221; dicono ancora alcuni dei lavoratori in corteo.<\/p>\n<p>A sostegno dei lavoratori della Piaggio anche le istituzioni locali: &#8220;E&#8217; un momento di grande preoccupazione e incertezza e noi siamo vicini ai lavoratori &#8211; dice il sindaco di Finale Ligure Ugo Frascherelli -. In questi anni anche il Comune di Finale Ligure ha lavorato affinch\u00e9 l&#8217;operazione di trasferimento a Villanova avesse un esito positivo e oggi siamo qui con impegni e accordi disattesi, quello del 2008 ma anche quello del 2014. L&#8217;azienda non pu\u00f2 prendere in giro lavoratori e istituzioni&#8221;.<\/p>\n","protected":false},"excerpt":{"rendered":"<p>I lavoratori diretti verso la Prefettura: &#8220;Incontro urgente con il Governo&#8221;<\/p>\n","protected":false},"author":4,"featured_media":0,"comment_status":"open","ping_status":"closed","sticky":false,"template":"","format":"standard","meta":{"footnotes":""},"categories":[45296,35],"tags":[6307,58854],"class_list":["post-392630","post","type-post","status-publish","format-standard","hentry","category-copertina","category-economia","tag-piaggio-aero","tag-piaggio-aerospace","post_cat_citta-savona","post_cat_citta-villanova-dalbenga","post_tag_personaggi-andrea-mandraccia","post_tag_personaggi-gianni-mazziotta","post_tag_personaggi-giulia-stella"],"amp_validity":null,"amp_enabled":true,"_links":{"self":[{"href":"https:\/\/staging.ivg.it\/ediapi\/wp\/v2\/posts\/392630","targetHints":{"allow":["GET"]}}],"collection":[{"href":"https:\/\/staging.ivg.it\/ediapi\/wp\/v2\/posts"}],"about":[{"href":"https:\/\/staging.ivg.it\/ediapi\/wp\/v2\/types\/post"}],"author":[{"embeddable":true,"href":"https:\/\/staging.ivg.it\/ediapi\/wp\/v2\/users\/4"}],"replies":[{"embeddable":true,"href":"https:\/\/staging.ivg.it\/ediapi\/wp\/v2\/comments?post=392630"}],"version-history":[{"count":0,"href":"https:\/\/staging.ivg.it\/ediapi\/wp\/v2\/posts\/392630\/revisions"}],"wp:attachment":[{"href":"https:\/\/staging.ivg.it\/ediapi\/wp\/v2\/media?parent=392630"}],"wp:term":[{"taxonomy":"category","embeddable":true,"href":"https:\/\/staging.ivg.it\/ediapi\/wp\/v2\/categories?post=392630"},{"taxonomy":"post_tag","embeddable":true,"href":"https:\/\/staging.ivg.it\/ediapi\/wp\/v2\/tags?post=392630"}],"curies":[{"name":"wp","href":"https:\/\/api.w.org\/{rel}","templated":true}]}}