{"id":392628,"date":"2016-09-14T09:51:28","date_gmt":"2016-09-14T07:51:28","guid":{"rendered":"http:\/\/www.ivg.it\/?p=392628"},"modified":"2016-09-14T09:51:28","modified_gmt":"2016-09-14T07:51:28","slug":"artisti-amatrice-nel-comune-millesimo","status":"publish","type":"post","link":"https:\/\/staging.ivg.it\/2016\/09\/artisti-amatrice-nel-comune-millesimo\/","title":{"rendered":"Artisti per Amatrice nel Comune di Millesimo"},"content":{"rendered":"<p><strong>Millesimo<\/strong>. L&#8217;associazione culturale &#8220;caARTEiv&#8221; avvisa gli amanti dell&#8217;arte dell&#8217;evento &#8220;Un po&#8217; pi\u00f9 in la&#8221; di noi stessi festeggiando l&#8217;arte e la solidariet\u00e0, invitando all&#8217;appuntamento con Fulvio Semenza in arte &#8221; Nessuna Interferenza &#8221; domenica 18 settembre alle ore 21:00 presso la sala Consiliare del Comune di Millesimo (SV).<\/p>\n<p>Sar\u00e0 in visione al pubblico una mostra in cui espongono gli artisti con opere donate per la raccolta fondi pro Amatrice (RI) il paese che ha subito pi\u00f9 danni dal terremoto del 24\/08\/2016 ore 3:36 riportando il numero pi\u00f9 elevato di vittime: Gianni Pascoli &#8211; Franca Moraglio Giugurta &#8211; Silvano Bardoscia &#8211; Rosanna Ferro &#8211; Vito Palazzo &#8211; Simona Bellone.<\/p>\n<p>La mostra di pittura scultura e fotografia allesista all&#8217;interno del Comune di Millesimo (SV) \u00e8 aperta al pubblico tutti i giorni con questo orario: 9:30-12:00 &#8211; 15:30-18:30 venerd\u00ec sabato e domenica 20:30-23:00. Questa manifestazione si svolge in contemporanea con la mostra in ceramica caARTEiv dedicata alla Val Bormida e pittorica e scultorea dell&#8217;artista svizzero Silvano Bardoscia, che verr\u00e0 inaugurata sabato 17 settembre alle ore 17:00 con accompagnamento musicale di Ermanno Veronese, e si impreziosir\u00e0 con aperitivo musicale dedicato al mondo del cinema a cura del trombettista jazz Felice Reggio sabato 24 settembre alle ore 17:00.<\/p>\n<p>Saranno disponibili copie in pergamena dell&#8217;autentica ricetta dell&#8217;Amatriciana con la poesia in romanesco dell&#8217;artista Simona Bellone che mette a disposizione per la finalit\u00e0 dell&#8217;evento sue ceramiche e dipinti, realizzati per l&#8217;occasione celebrando questo rinomato piatto italiano nel mondo. \u00c8 molto importante che la Comunit\u00e0 di Amatrice possa ricominciare a sperare dopo questo atroce destino mantenendo le sue tradizioni culturali e gastronomiche, sperando che, come si auspica il sindaco Sergio Pirozzi, venga realizzata una fabbrica per il sugo all&#8217;Amatriciana.<\/p>\n<p>La comunit\u00e0 \u00e8 invitata a presenziare e a contribuire con offerte. Le opere donate saranno tutte catalogate, numerate, con certificato d&#8217;autenticit\u00e0 con autografo e dedica degli autori in elenco in questa pagina caARTEiv aggiornata in simultanea al ricevimento delle opere &#8220;Artisti Per Amatrice&#8221;.\u00a0 http:\/\/www.caarteiv.it\/ArtistiPerAmatrice.htm e saranno esposte nel Comune di Millesimo dal 17 al 25 settembre.<\/p>\n<p>Per ogni contributo verr\u00e0 consegnata una ricevuta artistica personalizzata che ricorda l\u2019obiettivo della solidariet\u00e0 effettuata. Verranno in seguito comunicati sia l&#8217;importo raggiunto nonch\u00e9 copia del bonifico diretto che si effettuer\u00e0 al Comune di Amatrice. Contiamo di raggiungere un buon risultato, che sar\u00e0, comunque vada, utile per aiutare la popolazione amatriciana a risorgere dal dramma subito. Per ogni informazione in merito rivolgersi a: Ass.ne culturale caARTEiv p.zza Italia 5 a Millesimo (SV) tel. 12:00-13:00 \/ 20:00-21:00 al 019565277 scrivere a: simona.bellone@gmail.com.<\/p>\n","protected":false},"excerpt":{"rendered":"<p>Appuntamento domenica 18 settembre alle ore 21 presso la sala Consiliare<\/p>\n","protected":false},"author":4238,"featured_media":0,"comment_status":"open","ping_status":"closed","sticky":false,"template":"","format":"standard","meta":{"footnotes":""},"categories":[56],"tags":[],"class_list":["post-392628","post","type-post","status-publish","format-standard","hentry","category-altre","post_cat_citta-millesimo"],"amp_validity":null,"amp_enabled":true,"_links":{"self":[{"href":"https:\/\/staging.ivg.it\/ediapi\/wp\/v2\/posts\/392628","targetHints":{"allow":["GET"]}}],"collection":[{"href":"https:\/\/staging.ivg.it\/ediapi\/wp\/v2\/posts"}],"about":[{"href":"https:\/\/staging.ivg.it\/ediapi\/wp\/v2\/types\/post"}],"author":[{"embeddable":true,"href":"https:\/\/staging.ivg.it\/ediapi\/wp\/v2\/users\/4238"}],"replies":[{"embeddable":true,"href":"https:\/\/staging.ivg.it\/ediapi\/wp\/v2\/comments?post=392628"}],"version-history":[{"count":0,"href":"https:\/\/staging.ivg.it\/ediapi\/wp\/v2\/posts\/392628\/revisions"}],"wp:attachment":[{"href":"https:\/\/staging.ivg.it\/ediapi\/wp\/v2\/media?parent=392628"}],"wp:term":[{"taxonomy":"category","embeddable":true,"href":"https:\/\/staging.ivg.it\/ediapi\/wp\/v2\/categories?post=392628"},{"taxonomy":"post_tag","embeddable":true,"href":"https:\/\/staging.ivg.it\/ediapi\/wp\/v2\/tags?post=392628"}],"curies":[{"name":"wp","href":"https:\/\/api.w.org\/{rel}","templated":true}]}}