{"id":392358,"date":"2016-09-10T10:23:42","date_gmt":"2016-09-10T08:23:42","guid":{"rendered":"http:\/\/www.ivg.it\/?p=392358"},"modified":"2016-09-10T10:23:42","modified_gmt":"2016-09-10T08:23:42","slug":"prevenzione-del-melanoma-dal-26-settembre-riprendono-le-visite-gratuite-grazie-alla-lilt-savona-valbormida","status":"publish","type":"post","link":"https:\/\/staging.ivg.it\/2016\/09\/prevenzione-del-melanoma-dal-26-settembre-riprendono-le-visite-gratuite-grazie-alla-lilt-savona-valbormida\/","title":{"rendered":"Prevenzione del melanoma, dal 26 settembre riprendono le visite gratuite grazie alla Lilt Savona e Valbormida"},"content":{"rendered":"<p><strong>Carcare<\/strong>. Dopo la pausa estiva riprendono gli appuntamenti dedicati alla prevenzione del melanoma, una forma di tumore maligno della pelle che ogni anno colpisce oltre 6000 nuovi casi (dati Lilt Italia).<\/p>\n<p>La prevenzione rappresenta un elemento basilare vista l\u2019invasivit\u00e0 di questo tumore: anche quest\u2019anno Lilt, Lega Italiana per la lotta contro i tumori, sezione di Savona e delegazione della Valbormida, ha organizzato una serie di incontri per visite preventive gratuite con valutazione dermatoscopica.<\/p>\n<p>A partire da luned\u00ec 26 settembre e ogni ultimo luned\u00ec del mese, presso il Poliambulatorio Cornareto di Carcare dalle 14,45 alle 16,45 la Dr.ssa Anna Angelica Verrini sar\u00e0 a disposizione per visite specialistiche, consulenze e confronti informativi a cui potr\u00e0 seguire eventuale mappatura dei nei in caso di necessit\u00e0. Le visite sono gratuite con invito di adesione all\u2019Associazione al costo di 15 euro.<\/p>\n<p>\u201cLa delegazione Valbormida \u00e8 attiva dal 2009 &#8211; commenta la Dr.ssa Damiana De Leonardis &#8211; Questo tipo di prevenzione \u00e8 molto sentito e noto con piacere un interesse crescente da parte dei cittadini. Abbiamo avuto in diversi casi la possibilit\u00e0 di intervenire in tempo, riscontrando melanoma in sito proprio grazie a questi incontri aperti. Prevenire significa realmente salvare una vita\u201d.<\/p>\n<p>Per prenotazioni \u00e8 possibile contattare il numero 3336622922 dal luned\u00ec al venerd\u00ec dalle ore 14 alle 16, oppure rivolgersi alla segreteria del Poliabulatorio Cornareto.<\/p>\n","protected":false},"excerpt":{"rendered":"<p>Si potr\u00e0 aderire ad una serie di incontri per visite preventive gratuite con valutazione dermatoscopica<\/p>\n","protected":false},"author":2394,"featured_media":0,"comment_status":"open","ping_status":"closed","sticky":false,"template":"","format":"standard","meta":{"footnotes":""},"categories":[56],"tags":[88698,67404],"class_list":["post-392358","post","type-post","status-publish","format-standard","hentry","category-altre","tag-lilt-savona","tag-melanoma","post_cat_citta-carcare"],"amp_validity":null,"amp_enabled":true,"_links":{"self":[{"href":"https:\/\/staging.ivg.it\/ediapi\/wp\/v2\/posts\/392358","targetHints":{"allow":["GET"]}}],"collection":[{"href":"https:\/\/staging.ivg.it\/ediapi\/wp\/v2\/posts"}],"about":[{"href":"https:\/\/staging.ivg.it\/ediapi\/wp\/v2\/types\/post"}],"author":[{"embeddable":true,"href":"https:\/\/staging.ivg.it\/ediapi\/wp\/v2\/users\/2394"}],"replies":[{"embeddable":true,"href":"https:\/\/staging.ivg.it\/ediapi\/wp\/v2\/comments?post=392358"}],"version-history":[{"count":0,"href":"https:\/\/staging.ivg.it\/ediapi\/wp\/v2\/posts\/392358\/revisions"}],"wp:attachment":[{"href":"https:\/\/staging.ivg.it\/ediapi\/wp\/v2\/media?parent=392358"}],"wp:term":[{"taxonomy":"category","embeddable":true,"href":"https:\/\/staging.ivg.it\/ediapi\/wp\/v2\/categories?post=392358"},{"taxonomy":"post_tag","embeddable":true,"href":"https:\/\/staging.ivg.it\/ediapi\/wp\/v2\/tags?post=392358"}],"curies":[{"name":"wp","href":"https:\/\/api.w.org\/{rel}","templated":true}]}}