{"id":392329,"date":"2016-09-09T15:34:22","date_gmt":"2016-09-09T13:34:22","guid":{"rendered":"http:\/\/www.ivg.it\/?p=392329"},"modified":"2016-09-09T15:34:22","modified_gmt":"2016-09-09T13:34:22","slug":"savona-sala-rossa-convegno-la-potenza-dellimmagine-fidapa","status":"publish","type":"post","link":"https:\/\/staging.ivg.it\/2016\/09\/savona-sala-rossa-convegno-la-potenza-dellimmagine-fidapa\/","title":{"rendered":"Savona, in Sala Rossa il convegno &#8220;La potenza dell&#8217;immagine&#8221; di Fidapa"},"content":{"rendered":"<p><strong>Savona<\/strong>. Domani alle 9.30 nella Sala Rossa del comune di Savona\u00a0si terr\u00e0 il Convegno della Fidapa BPW Italy organizzato dal Distretto Nord Ovest e dalla Sezione di Savona da titolo &#8220;La potenza dell&#8217;immagine. Donne, stereotipi e talenti&#8221;<\/p>\n<p>L&#8217;incontro vuole essere uno sguardo attento al presente, un importante momento di riflessione sugli stereotipi di genere che, troppo spesso, non parlano di tutte quelle donne &#8220;reali&#8221; che si sono affermate grazie al merito allo studio e al lavoro.<\/p>\n<p>L\u2019associazione savonese, radicata sul territorio da 35 anni, riferimento per il mondo femminile, in concerto con il distretto del nord ovest, promuove questo evento per portare all\u2019 attenzione e affrontare alcune tematiche di forte attualit\u00e0: Perch\u00e9 i talenti delle donne hanno difficolt\u00e0 ad emergere, quanto influisce la rappresentazione mediatica dei generi, la pubblicit\u00e0 e la mancanza di donne eccellenti tra gli esperti che, a vario titolo, vengono invitati a parlare in TV? Qual \u00e8 la narrazione collettiva delle donne che si impegnano in tutti i settori della nostra societ\u00e0? Esistono modelli vincenti che vengono diffusi attraverso i mezzi di comunicazione?<\/p>\n<p>I media raccontano un mondo femminile che spesso non corrisponde al vero valore di cui le donne sono portatrici:\u00a0\u201cSiamo dinnanzi a un cambiamento, una sorta di giro di boa che deve traghettare la figura femminile verso un inquadramento nell\u2019opinione pubblica maggiormente incisivo e fatto di tratti certi e definiti. La politica e le posizioni di potere si stanno aprendo all\u2019universo femminile, Savona ne \u00e8 un esempio con il primo sindaco donna, ma il lavoro \u00e8 ancora lungo, stereotipi di genere e di fatto sono ancora forti e radicati nella comunit\u00e0. Questo come tanti eventi di Fidapa BPW Italy sono volti a combattere e abbattere muri informativi, formativi e culturali.\u201d<\/p>\n<p>Si rende quindi necessario affrontare la questione sotto plurimi angoli di visuale e ambiti di operativit\u00e0 con un programma serrato di lavori.<\/p>\n","protected":false},"excerpt":{"rendered":"<p>In programma domani alle 9.30<\/p>\n","protected":false},"author":12120,"featured_media":0,"comment_status":"open","ping_status":"closed","sticky":false,"template":"","format":"standard","meta":{"footnotes":""},"categories":[56],"tags":[323,86123,86122],"class_list":["post-392329","post","type-post","status-publish","format-standard","hentry","category-altre","tag-fidapa","tag-palazzo-sisto","tag-sala-rossa","post_cat_citta-savona"],"amp_validity":null,"amp_enabled":true,"_links":{"self":[{"href":"https:\/\/staging.ivg.it\/ediapi\/wp\/v2\/posts\/392329","targetHints":{"allow":["GET"]}}],"collection":[{"href":"https:\/\/staging.ivg.it\/ediapi\/wp\/v2\/posts"}],"about":[{"href":"https:\/\/staging.ivg.it\/ediapi\/wp\/v2\/types\/post"}],"author":[{"embeddable":true,"href":"https:\/\/staging.ivg.it\/ediapi\/wp\/v2\/users\/12120"}],"replies":[{"embeddable":true,"href":"https:\/\/staging.ivg.it\/ediapi\/wp\/v2\/comments?post=392329"}],"version-history":[{"count":0,"href":"https:\/\/staging.ivg.it\/ediapi\/wp\/v2\/posts\/392329\/revisions"}],"wp:attachment":[{"href":"https:\/\/staging.ivg.it\/ediapi\/wp\/v2\/media?parent=392329"}],"wp:term":[{"taxonomy":"category","embeddable":true,"href":"https:\/\/staging.ivg.it\/ediapi\/wp\/v2\/categories?post=392329"},{"taxonomy":"post_tag","embeddable":true,"href":"https:\/\/staging.ivg.it\/ediapi\/wp\/v2\/tags?post=392329"}],"curies":[{"name":"wp","href":"https:\/\/api.w.org\/{rel}","templated":true}]}}