{"id":392322,"date":"2016-09-09T15:05:45","date_gmt":"2016-09-09T13:05:45","guid":{"rendered":"http:\/\/www.ivg.it\/?p=392322"},"modified":"2016-09-09T15:05:45","modified_gmt":"2016-09-09T13:05:45","slug":"meteo-ancora-un-fine-settimana-piena-estate-liguria","status":"publish","type":"post","link":"https:\/\/staging.ivg.it\/2016\/09\/meteo-ancora-un-fine-settimana-piena-estate-liguria\/","title":{"rendered":"Meteo, ancora un fine settimana da piena estate in Liguria"},"content":{"rendered":"<p><strong>Liguria<\/strong>. Sar\u00e0 un fine settimana ancora pienamente estivo quello che vivremo in Liguria. E&#8217; quanto emerge dalle previsioni elaborate dal Centro Meteo Arpal che confermano come, sabato e domenica, sole e caldo saranno protagonisti nella nostra regione.<\/p>\n<p>Scendendo nel dettaglio, sabato avremo tempo buono praticamente ovunque salvo passaggi di nubi medio alte sul centro e il levante e la formazione di cumuli nelle zone interne dello stesso levante e dell&#8217;estremo ponente dove sar\u00e0 possibile qualche rovescio. Caratteristica saliente di queste giornate sar\u00e0 il basso di umidit\u00e0 che si accompagner\u00e0 a temperature ancora elevate e massime che, sulla costa potranno toccare i 34 gradi mentre, nelle zone interne raggiungeranno i 32 gradi.<\/p>\n<p>Domenica andr\u00e0 ancora meglio: sereno o poco nuvoloso, tranne qualche cumulo e locale rovescio nelle zone interne, venti deboli, mare poco mosso, umidit\u00e0 bassa e temperature che potranno toccare, sia sulla costa, che nell&#8217;interno, anche 33 gradi.<\/p>\n<p>L&#8217;inizio della prossima settimana dovrebbe essere caratterizzato da tempo stabile e soleggiato mentre da mercoled\u00ec si intravede la possibilit\u00e0 di un cambio di rotta con condizioni meteo in peggioramento. Ma la previsione ha, per ora, un&#8217;attendibilit\u00e0 bassa e necessita, dunque, di ulteriori aggiornamenti nei prossimi giorni.<\/p>\n","protected":false},"excerpt":{"rendered":"<p>All&#8217;inizio della prossima settimana il meteo sar\u00e0 ancora favorevole, ma da mercoled\u00ec peggiorer\u00e0<\/p>\n","protected":false},"author":12120,"featured_media":0,"comment_status":"open","ping_status":"closed","sticky":false,"template":"","format":"standard","meta":{"footnotes":""},"categories":[45296,56],"tags":[70797],"class_list":["post-392322","post","type-post","status-publish","format-standard","hentry","category-copertina","category-altre","tag-arpal-liguria","post_cat_citta-provincia"],"amp_validity":null,"amp_enabled":true,"_links":{"self":[{"href":"https:\/\/staging.ivg.it\/ediapi\/wp\/v2\/posts\/392322","targetHints":{"allow":["GET"]}}],"collection":[{"href":"https:\/\/staging.ivg.it\/ediapi\/wp\/v2\/posts"}],"about":[{"href":"https:\/\/staging.ivg.it\/ediapi\/wp\/v2\/types\/post"}],"author":[{"embeddable":true,"href":"https:\/\/staging.ivg.it\/ediapi\/wp\/v2\/users\/12120"}],"replies":[{"embeddable":true,"href":"https:\/\/staging.ivg.it\/ediapi\/wp\/v2\/comments?post=392322"}],"version-history":[{"count":0,"href":"https:\/\/staging.ivg.it\/ediapi\/wp\/v2\/posts\/392322\/revisions"}],"wp:attachment":[{"href":"https:\/\/staging.ivg.it\/ediapi\/wp\/v2\/media?parent=392322"}],"wp:term":[{"taxonomy":"category","embeddable":true,"href":"https:\/\/staging.ivg.it\/ediapi\/wp\/v2\/categories?post=392322"},{"taxonomy":"post_tag","embeddable":true,"href":"https:\/\/staging.ivg.it\/ediapi\/wp\/v2\/tags?post=392322"}],"curies":[{"name":"wp","href":"https:\/\/api.w.org\/{rel}","templated":true}]}}