{"id":392248,"date":"2016-09-08T17:21:11","date_gmt":"2016-09-08T15:21:11","guid":{"rendered":"http:\/\/www.ivg.it\/?p=392248"},"modified":"2016-09-08T17:21:11","modified_gmt":"2016-09-08T15:21:11","slug":"andora-gruppo-antincendio-boschivo-compie-40-anni","status":"publish","type":"post","link":"https:\/\/staging.ivg.it\/2016\/09\/andora-gruppo-antincendio-boschivo-compie-40-anni\/","title":{"rendered":"Andora, il gruppo Antincendio Boschivo compie 40 anni"},"content":{"rendered":"<p><strong>Andora.<\/strong> Quaranta anni di attivit\u00e0 al servizio della comunit\u00e0 per il gruppo Antincendio Boschivo di Andora. L&#8217;importante anniversario sar\u00e0 celebrato, il 9 settembre con una festa gastronomica nel Parco delle Farfalle organizzata dal gruppo comunale di Protezione Civile.<\/p>\n<p>Una festa, nata anche dalla collaborazione con la Croce Bianca locale, che sar\u00e0 anche il simbolo della stima che volontari Aib riscuotono fra i cittadini e fra le associazioni, molte delle quali hanno voluto contribuire all&#8217;evento realizzando ognuna una specialit\u00e0 del ricco men\u00f9 proposto. Tutto il ricavato sar\u00e0 destinato all&#8217;acquisto di un pannello luminoso per l&#8217;allerta meteo.<\/p>\n<p>La festa avr\u00e0 un momento celebrativo con la premiazione dei volontari alla presenza delle autorit\u00e0 locali, di una rappresentanza dei comuni dell&#8217;Unione Valmerula e Montarosio e dei sindaci che si sono succeduti alla guida di Andora negli ultimi 40 anni.<\/p>\n<p>La celebrazione inizier\u00e0 nel pomeriggio con la visita alla sede dell&#8217;Aib e Protezione Civile di Andora da parte delle autorit\u00e0. Fra gli altri, hanno confermato la loro presenza, per la prefettura di Savona il capo di gabinetto dottor Marcello Urso, per la Regione l&#8217;assessore alla Protezione Civile Giacomo Raul Giampedrone e quello all&#8217;Antincendio Boschivo Stefano Mai. Interverr\u00e0 anche Massimo Galardi, responsabile Aibdella Regione Liguria, il presidente della Fondazione De Mari Federico Delfino. Saranno presenti inoltre, Capo Mauro Simone comandante la Guardia Costiera di Andora, il comandante la stazione dei Carabinieri di Andora Giorgio Santopoli e Michele Cataldo comandante del Corpo Forestale dello Stato di Andora.<\/p>\n<p>Nel corso della visita, il sindaco Mauro Demichelis consegner\u00e0 al gruppo un nuovo sistema di ricetrasmissione radio dual mode analogico\/digitale DMR, acquistato dal Comune con l&#8217;importante contributo della fondazione De Mari. Si tratta dell&#8217;attrezzatura completa del valore di 40 mila euro utile all&#8217;allestimento della sede COM di Andora.<\/p>\n<p>Non si tratta dell&#8217;unica novit\u00e0 per il gruppo comunale di Protezione Civile e per le dotazioni dedicate alla prevenzione dei rischi legati alle calamit\u00e0 naturali, annuncia il sindaco Mauro Demichelis.<\/p>\n<p>&#8220;Il Gruppo Aib di Andora e quello comunale di Protezione Civile meritano tutto il nostro sostegno e la nostra stima &#8211; ha dichiarato Mauro Demichelis -. Quaranta anni sono un anniversario importante come importante \u00e8 stato il contributo che questi uomini e queste donne hanno dato alla nostra comunit\u00e0 ed ovunque siano intervenuti, dimostrando sul campo capacit\u00e0, competenza unite ad una grande umanit\u00e0 e generosit\u00e0 disinteressata. Oltre all&#8217;attrezzatura per la sede COM di Andora, acquistata con il contributo della Fondazione De Mari che ringrazio, l&#8217;Unione Val Merula e Montarosio, sta acquistando quattro pannelli che verranno sistemati nei comuni dell&#8217;Unione che comunicano, con segnali luminosi, i gradi di allerte meteo. Un quinto pannello sar\u00e0 donato ad Andora con i fondi raccolti della festa. Questa amministrazione ha inoltre finanziato l&#8217;acquisto di nuova attrezzature radio per i volontari e presto presenter\u00e0 ai cittadini una app, scaricabile sul telefonino, attraverso potranno conoscere in tempo reale le allerte meteo che interessano Andora ed i comportamenti di auto protezione da attuare&#8221;.<\/p>\n<p>Intorno alla 17,30, dalla sede dalla Protezione Civile, partir\u00e0 il corteo dei mezzi e volontari verso Parco delle Farfalle.<\/p>\n<p>La parte gastronomica prevede stand aperti dalle 19 e la possibilit\u00e0 di gustare le cozze di Santa Rita a cura del Comitato di Andora, le trippe della Pro Loco di Stellanello, il pan fritto della Pro Loco Andora e del Circolo Nautico Andora, la pasta a cura dell&#8217;Associazione Alpini Val Merula, la grigliata di carne della Croce Bianca di Andora, u cundiun del comitato Mezzacqua Conna di Andora, la polenta e salsiccia del comitato San Damiano di Stellanello e le patate fritte dell&#8217;associazione La Madonnetta di Stellanello.<\/p>\n<p>Durante la serata ad esibirsi anche l&#8217;Orchestra Doriano ed il momento della premiazione dei volontari fondatori offerto da alcuni commercianti di Andora.<\/p>\n<p>Il gruppo Aib di Andora \u00e8 nato nel 1976. Successivamente \u00e8 stato fondato anche il gruppo comunale di Protezione Civile di Andora sostenuto dal Comune di Andora che negli anni ha messo a disposizione sede, mezzi ed attrezzature.<\/p>\n<p>Il Gruppo di Andora, guidato da Fabio Curto, si \u00e8 distinto per competenza sia a livello locale che nazionale. Ha, infatti, una vasta tipologia di specializzazioni e abbraccia molti campi, fra i quali il soccorso e l&#8217;assistenza sanitaria, l&#8217;antincendio boschivo (Il gruppo ha sette automezzi adibiti per antincendio boschivo e un carrello traino adibito alla prevenzione degli incendi boschivi), le telecomunicazioni, l&#8217;allestimento dei campi d&#8217;accoglienza, la preparazione di pasti (con la presenza di sette cuochi di cui tre diplomati), la presenza dei volontari a cavallo, preparati a svolgere diversi compiti in situazioni d&#8217;emergenza dove non \u00e8 possibile intervenire con gli automezzi.<\/p>\n<p>Il gruppo comunale di Protezione ha lavorato in importanti emergenze regionali e nazionali, come il terremoto in Abruzzo, nell&#8217;inondazione delle Cinque Terre e in Emilia Romagna dove ha organizzato il primo campo di assistenza alimentare per la popolazioni.<\/p>\n","protected":false},"excerpt":{"rendered":"<p>Il sindaco Mauro Demichelis: &#8220;Uomini e donne generosi, competenti ed amati dalla comunit\u00e0&#8221;<\/p>\n","protected":false},"author":18,"featured_media":0,"comment_status":"open","ping_status":"closed","sticky":false,"template":"","format":"standard","meta":{"footnotes":""},"categories":[56],"tags":[88666,677],"class_list":["post-392248","post","type-post","status-publish","format-standard","hentry","category-altre","tag-croce-bianca-andoora","tag-protezione-civile","post_cat_citta-andora","post_tag_personaggi-mauro-demichelis"],"amp_validity":null,"amp_enabled":true,"_links":{"self":[{"href":"https:\/\/staging.ivg.it\/ediapi\/wp\/v2\/posts\/392248","targetHints":{"allow":["GET"]}}],"collection":[{"href":"https:\/\/staging.ivg.it\/ediapi\/wp\/v2\/posts"}],"about":[{"href":"https:\/\/staging.ivg.it\/ediapi\/wp\/v2\/types\/post"}],"author":[{"embeddable":true,"href":"https:\/\/staging.ivg.it\/ediapi\/wp\/v2\/users\/18"}],"replies":[{"embeddable":true,"href":"https:\/\/staging.ivg.it\/ediapi\/wp\/v2\/comments?post=392248"}],"version-history":[{"count":0,"href":"https:\/\/staging.ivg.it\/ediapi\/wp\/v2\/posts\/392248\/revisions"}],"wp:attachment":[{"href":"https:\/\/staging.ivg.it\/ediapi\/wp\/v2\/media?parent=392248"}],"wp:term":[{"taxonomy":"category","embeddable":true,"href":"https:\/\/staging.ivg.it\/ediapi\/wp\/v2\/categories?post=392248"},{"taxonomy":"post_tag","embeddable":true,"href":"https:\/\/staging.ivg.it\/ediapi\/wp\/v2\/tags?post=392248"}],"curies":[{"name":"wp","href":"https:\/\/api.w.org\/{rel}","templated":true}]}}