{"id":392247,"date":"2016-09-08T17:18:02","date_gmt":"2016-09-08T15:18:02","guid":{"rendered":"http:\/\/www.ivg.it\/?p=392247"},"modified":"2016-09-08T17:18:02","modified_gmt":"2016-09-08T15:18:02","slug":"savona-riprende-la-campagna-scavo-al-primar","status":"publish","type":"post","link":"https:\/\/staging.ivg.it\/2016\/09\/savona-riprende-la-campagna-scavo-al-primar\/","title":{"rendered":"Savona, riprende la campagna di scavo al Primar"},"content":{"rendered":"<p><strong>Savona<\/strong>. Anche quest&#8217;anno riprende la campagna di scavo 2016 presso l&#8217;area della Cattedrale di Santa Maria al Priam\u00e0r di Savona.<\/p>\n<p>La data d&#8217;inizio scavi \u00e8 fissata per luned\u00ec 12 settembre 2016 e durer\u00e0 sino a met\u00e0 ottobre, periodo nel quale numerosi studenti, ricercatori e laureati dell&#8217;Universit\u00e0 degli Studi di Genova ma anche ragazzi provenienti dal Piemonte e dalla Toscana saranno impegnati nell&#8217;intensa attivit\u00e0 di scavo archeologico.<\/p>\n<p>La campagna di scavo realizzata a cura dell&#8217;Istituto Internazionale di Studi Liguri e dell&#8217;Universit\u00e0 degli Studi di Genova ha come obiettivo la ricerca archeologica e l&#8217;indagine storica al fine di scoprire e portare alla luce una parte di storia della citt\u00e0 di Savona.<\/p>\n<p>Per tale motivo Civico Museo Archeologico e della Citt\u00e0 si impegna a supportare l&#8217;attivit\u00e0 di scavo degli studenti partecipanti. Lo scavo avverr\u00e0 sotto la direzione del Prof. Carlo Varaldo, docente dell&#8217;Universit\u00e0 degli Studi di Genova.<\/p>\n","protected":false},"excerpt":{"rendered":"<p>Studenti, ricercatori e laureati dell&#8217;Universit\u00e0 di Genova saranno impegnati nell&#8217;intensa attivit\u00e0 di scavo archeologico<\/p>\n","protected":false},"author":2394,"featured_media":0,"comment_status":"open","ping_status":"closed","sticky":false,"template":"","format":"standard","meta":{"footnotes":""},"categories":[56],"tags":[85995],"class_list":["post-392247","post","type-post","status-publish","format-standard","hentry","category-altre","tag-priamar","post_cat_citta-savona"],"amp_validity":null,"amp_enabled":true,"_links":{"self":[{"href":"https:\/\/staging.ivg.it\/ediapi\/wp\/v2\/posts\/392247","targetHints":{"allow":["GET"]}}],"collection":[{"href":"https:\/\/staging.ivg.it\/ediapi\/wp\/v2\/posts"}],"about":[{"href":"https:\/\/staging.ivg.it\/ediapi\/wp\/v2\/types\/post"}],"author":[{"embeddable":true,"href":"https:\/\/staging.ivg.it\/ediapi\/wp\/v2\/users\/2394"}],"replies":[{"embeddable":true,"href":"https:\/\/staging.ivg.it\/ediapi\/wp\/v2\/comments?post=392247"}],"version-history":[{"count":0,"href":"https:\/\/staging.ivg.it\/ediapi\/wp\/v2\/posts\/392247\/revisions"}],"wp:attachment":[{"href":"https:\/\/staging.ivg.it\/ediapi\/wp\/v2\/media?parent=392247"}],"wp:term":[{"taxonomy":"category","embeddable":true,"href":"https:\/\/staging.ivg.it\/ediapi\/wp\/v2\/categories?post=392247"},{"taxonomy":"post_tag","embeddable":true,"href":"https:\/\/staging.ivg.it\/ediapi\/wp\/v2\/tags?post=392247"}],"curies":[{"name":"wp","href":"https:\/\/api.w.org\/{rel}","templated":true}]}}