{"id":392062,"date":"2016-09-06T08:23:10","date_gmt":"2016-09-06T06:23:10","guid":{"rendered":"http:\/\/www.ivg.it\/?p=392062"},"modified":"2016-09-06T08:23:10","modified_gmt":"2016-09-06T06:23:10","slug":"ai-nastri-partenza-la-varazze-outdoor-fest-3-0-tre-giorni-mare-ed-entroterra","status":"publish","type":"post","link":"https:\/\/staging.ivg.it\/2016\/09\/ai-nastri-partenza-la-varazze-outdoor-fest-3-0-tre-giorni-mare-ed-entroterra\/","title":{"rendered":"Ai nastri di partenza la \u201cVarazze Outdoor Fest 3.0\u201d, tre giorni tra mare ed entroterra"},"content":{"rendered":"<p><strong>Varazze<\/strong>. Manca una settimana allo start di\u00a0\u201cVarazze Outdoor Fest 3.0\u201d, la manifestazione che da venerd\u00ec 16 a domenica 18 settembre, dedica ampi spazi di divertimento tra mare, montagna, citt\u00e0, entroterra. Cos\u00ec come sottolineano gli organizzatori dell&#8217;evento &#8220;saranno tre giorni intensi e magici con Varazze che si riveler\u00e0 in tutto il suo splendore&#8221;.<\/p>\n<p>Nel dettaglio sono previste attivit\u00e0 sportive per immergersi nella natura o sentirsi protagonisti in mare aperto, esibizioni spettacolari e coinvolgenti legate al mondo dello sport o dello spettacolo, competizioni sportive che sapranno emozionare e tenere tutti con il fiato sospeso. In programma giri in mountain bike, downhill con discese mozzafiato nella natura nel parco del Beigua.<\/p>\n<p>Si terranno anche anche escursioni di trekking archeologico ad Alpicella, canyoning al rio Prialunga-Deserto, vela alla\u00a0Marina di Varazze, parapendio tra la Guardia e la spiaggia e ancora tennis, tennitavolo,\u00a0Tai Chi,\u00a0Zumba Fitness Party,\u00a0Dj Set,\u00a0Nordic Walking , trekking a quattrozampe, tiro di campagna, yoga, mototerapia, bushcraft, esibizione arcieri.<\/p>\n<p>&nbsp;<\/p>\n<p>&nbsp;<\/p>\n","protected":false},"excerpt":{"rendered":"<p>Trekking naturistici o archeologici sui sentieri dell\u2019Alta Via dei Monti Liguri, ma anche parapendio, escursioni in barca e volo a motore<\/p>\n","protected":false},"author":12291,"featured_media":0,"comment_status":"open","ping_status":"closed","sticky":false,"template":"","format":"standard","meta":{"footnotes":""},"categories":[56],"tags":[88588],"class_list":["post-392062","post","type-post","status-publish","format-standard","hentry","category-altre","tag-varazze-outdoor-fest-3-0","post_cat_citta-varazze"],"amp_validity":null,"amp_enabled":true,"_links":{"self":[{"href":"https:\/\/staging.ivg.it\/ediapi\/wp\/v2\/posts\/392062","targetHints":{"allow":["GET"]}}],"collection":[{"href":"https:\/\/staging.ivg.it\/ediapi\/wp\/v2\/posts"}],"about":[{"href":"https:\/\/staging.ivg.it\/ediapi\/wp\/v2\/types\/post"}],"author":[{"embeddable":true,"href":"https:\/\/staging.ivg.it\/ediapi\/wp\/v2\/users\/12291"}],"replies":[{"embeddable":true,"href":"https:\/\/staging.ivg.it\/ediapi\/wp\/v2\/comments?post=392062"}],"version-history":[{"count":0,"href":"https:\/\/staging.ivg.it\/ediapi\/wp\/v2\/posts\/392062\/revisions"}],"wp:attachment":[{"href":"https:\/\/staging.ivg.it\/ediapi\/wp\/v2\/media?parent=392062"}],"wp:term":[{"taxonomy":"category","embeddable":true,"href":"https:\/\/staging.ivg.it\/ediapi\/wp\/v2\/categories?post=392062"},{"taxonomy":"post_tag","embeddable":true,"href":"https:\/\/staging.ivg.it\/ediapi\/wp\/v2\/tags?post=392062"}],"curies":[{"name":"wp","href":"https:\/\/api.w.org\/{rel}","templated":true}]}}