{"id":392034,"date":"2016-09-05T15:57:00","date_gmt":"2016-09-05T13:57:00","guid":{"rendered":"http:\/\/www.ivg.it\/?p=392034"},"modified":"2016-09-05T15:57:00","modified_gmt":"2016-09-05T13:57:00","slug":"un-pellegrinaggio-auto-depoca-unire-idealmente-la-cappella-sistina-savona-quella-piu-celebre-roma","status":"publish","type":"post","link":"https:\/\/staging.ivg.it\/2016\/09\/un-pellegrinaggio-auto-depoca-unire-idealmente-la-cappella-sistina-savona-quella-piu-celebre-roma\/","title":{"rendered":"Un pellegrinaggio in auto d\u2019epoca per unire idealmente la Cappella Sistina di Savona a quella pi\u00f9 celebre di Roma"},"content":{"rendered":"<p><strong>Savona.\u00a0<\/strong> Un pellegrinaggio su quattroruote d\u2019epoca che\u00a0unisce idealmente la Cappella Sistina di Savona a quella pi\u00f9 celebre di Roma.<\/p>\n<p>E&#8217; quanto prevede l&#8217;iniziativa promossa dalla Diocesi di Savona-Nolicon il Comune di Savona, le Opere Sociali N.S. di Misericordia, il Priorato diocesano\u00a0delle confraternite e diverse altre realt\u00e0 \u00a0che dopo la pausa estiva ha ripreso la programmazione degli eventi collegati al Giubileo.<\/p>\n<p>Il rally delle auto storiche in questo caso \u00e8 promosso\u00a0\u00a0dal &#8220;Vintage Motors Club Savona&#8221;. \u00a0E cos\u00ec da gioved\u00ec 8 a domenica 11 settembre si svolger\u00e0 il\u00a0terzo \u201cMemorial Sistina\u201d dedicato appunto al Giubileo straordinario della misericordia.<\/p>\n<p>Lo start verr\u00e0 dato appunto dalla Cappella Sistina gioved\u00ec mattina alle 9 quando i\u00a0partecipanti si ritroveranno per un breve momento di\u00a0preghiera e la benedizione in vista del viaggio che li porter\u00e0 in piazza san Pietro a Roma in occasione tra l&#8217;altro dell&#8217;Angelus di Papa Bergoglio di domenica prossima.<\/p>\n","protected":false},"excerpt":{"rendered":"<p>Prima la preghiera, poi la benedizione quindi la partenza verso piazza San Pietro in Vaticano <\/p>\n","protected":false},"author":12291,"featured_media":0,"comment_status":"open","ping_status":"closed","sticky":false,"template":"","format":"standard","meta":{"footnotes":""},"categories":[56],"tags":[74362],"class_list":["post-392034","post","type-post","status-publish","format-standard","hentry","category-altre","tag-vintage-motors-club-savona","post_cat_citta-savona"],"amp_validity":null,"amp_enabled":true,"_links":{"self":[{"href":"https:\/\/staging.ivg.it\/ediapi\/wp\/v2\/posts\/392034","targetHints":{"allow":["GET"]}}],"collection":[{"href":"https:\/\/staging.ivg.it\/ediapi\/wp\/v2\/posts"}],"about":[{"href":"https:\/\/staging.ivg.it\/ediapi\/wp\/v2\/types\/post"}],"author":[{"embeddable":true,"href":"https:\/\/staging.ivg.it\/ediapi\/wp\/v2\/users\/12291"}],"replies":[{"embeddable":true,"href":"https:\/\/staging.ivg.it\/ediapi\/wp\/v2\/comments?post=392034"}],"version-history":[{"count":0,"href":"https:\/\/staging.ivg.it\/ediapi\/wp\/v2\/posts\/392034\/revisions"}],"wp:attachment":[{"href":"https:\/\/staging.ivg.it\/ediapi\/wp\/v2\/media?parent=392034"}],"wp:term":[{"taxonomy":"category","embeddable":true,"href":"https:\/\/staging.ivg.it\/ediapi\/wp\/v2\/categories?post=392034"},{"taxonomy":"post_tag","embeddable":true,"href":"https:\/\/staging.ivg.it\/ediapi\/wp\/v2\/tags?post=392034"}],"curies":[{"name":"wp","href":"https:\/\/api.w.org\/{rel}","templated":true}]}}