{"id":391981,"date":"2016-09-04T18:16:08","date_gmt":"2016-09-04T16:16:08","guid":{"rendered":"http:\/\/www.ivg.it\/?p=391981"},"modified":"2016-09-04T18:16:08","modified_gmt":"2016-09-04T16:16:08","slug":"blue-scarlet-concerto-erba-la-band-savonese-conquista-la-fiera-internazionale-della-musica","status":"publish","type":"post","link":"https:\/\/staging.ivg.it\/2016\/09\/blue-scarlet-concerto-erba-la-band-savonese-conquista-la-fiera-internazionale-della-musica\/","title":{"rendered":"Blue Scarlet in concerto a Erba, la band savonese conquista la Fiera Internazionale della Musica"},"content":{"rendered":"<p><strong>Savona.<\/strong> La band savonese dei Blue Scarlet si esibir\u00e0 venerdi 9 settembre alle ore 21 alla Fiera Internazionale della Musica del Lariofiere di Erba (Co), per presentare il nuovo singolo &#8220;Lei&#8221;.<\/p>\n<p>Per la quarta edizione, la Fiera Internazionale della Musica cambia nuovamente sede. Dopo una prima edizione nello stupendo Ippodromo di Villanova d&#8217;Albenga e due presso la Fiera di Genova, quest&#8217;anno la sede della FIM sar\u00e0 il Lariofiere di Erba (Co), dove grandi nomi del panorama musicale italiano e internazionale si alterneranno sui palchi della rassegna, per promuovere nuovi progetti o per far rivivere famosi classici delle loro carriere. Nomi come Patty Pravo, Eugenio Finardi, Andrea Mir\u00f2, Steve Ackett leggendario chitarrista dei Genesis, Ermal Metal, Giovanni Caccamo, Tiromancino, Franco Mussida e altri.<\/p>\n<p>I Blue Scarlet colgono l&#8217;occasione di questa trasferta per far ascoltare al pubblico della FIM, il loro nuovo singolo &#8220;Lei&#8221;. Canzone presentata ufficialmente il 1 settembre al Teatro Palazzo di Citt\u00e0 di Cairo Montenotte e accompagnato da un suggestivo  videoclip, girato nei pressi di un borgo abbandonato da quasi un secolo sulle alture savonesi, completamente immerso nella vegetazione ligure. <\/p>\n<p>La band sta lavorando a un secondo disco, dal sound decisamente pi\u00f9 maturo e incisivo, previsto per il 2017, che seguir\u00e0 l&#8217;uscita del fortunato  &#8220;Colori Sospesi&#8221;, gi\u00e0 presentato nel 2014 alla seconda edizione della FIM, sul prestigioso Palco Blu.<\/p>\n<p>Sul live stage del Lariofiere daranno qualche anticipazione di questo secondo disco, oltre a riproporre i brani di &#8220;Colori Sospesi&#8221;, soprattutto i pezzi di maggior spicco come &#8220;Princess&#8221;, &#8220;Rubando il tempo di una vita&#8221;, &#8220;Diabolica&#8221;, &#8220;Ladra d&#8217;illusioni&#8221;, ecc. L&#8217;esibizione sar\u00e0 venerd\u00ec 9 settembre, alle ore 21 sul live stage del Lariofiere, per un&#8217;ora di concerto assolutamente da non perdere, ricca di sorprese e novit\u00e0.<\/p>\n","protected":false},"excerpt":{"rendered":"<p>Savona. La band savonese dei Blue Scarlet si esibir\u00e0 venerdi 9 settembre alle ore 21 alla Fiera Internazionale della Musica del Lariofiere di Erba (Co), per presentare il nuovo singolo &#8220;Lei&#8221;. Per la quarta edizione, la Fiera Internazionale della Musica cambia nuovamente sede. Dopo una prima edizione nello stupendo Ippodromo di Villanova d&#8217;Albenga e due [&hellip;]<\/p>\n","protected":false},"author":10593,"featured_media":0,"comment_status":"open","ping_status":"closed","sticky":false,"template":"","format":"standard","meta":{"footnotes":""},"categories":[56],"tags":[69712,69711],"class_list":["post-391981","post","type-post","status-publish","format-standard","hentry","category-altre","tag-blue-scarlet","tag-fiera-internazionale-della-musica","post_cat_citta-savona"],"amp_validity":null,"amp_enabled":true,"_links":{"self":[{"href":"https:\/\/staging.ivg.it\/ediapi\/wp\/v2\/posts\/391981","targetHints":{"allow":["GET"]}}],"collection":[{"href":"https:\/\/staging.ivg.it\/ediapi\/wp\/v2\/posts"}],"about":[{"href":"https:\/\/staging.ivg.it\/ediapi\/wp\/v2\/types\/post"}],"author":[{"embeddable":true,"href":"https:\/\/staging.ivg.it\/ediapi\/wp\/v2\/users\/10593"}],"replies":[{"embeddable":true,"href":"https:\/\/staging.ivg.it\/ediapi\/wp\/v2\/comments?post=391981"}],"version-history":[{"count":0,"href":"https:\/\/staging.ivg.it\/ediapi\/wp\/v2\/posts\/391981\/revisions"}],"wp:attachment":[{"href":"https:\/\/staging.ivg.it\/ediapi\/wp\/v2\/media?parent=391981"}],"wp:term":[{"taxonomy":"category","embeddable":true,"href":"https:\/\/staging.ivg.it\/ediapi\/wp\/v2\/categories?post=391981"},{"taxonomy":"post_tag","embeddable":true,"href":"https:\/\/staging.ivg.it\/ediapi\/wp\/v2\/tags?post=391981"}],"curies":[{"name":"wp","href":"https:\/\/api.w.org\/{rel}","templated":true}]}}