{"id":391978,"date":"2016-09-04T17:41:59","date_gmt":"2016-09-04T15:41:59","guid":{"rendered":"http:\/\/www.ivg.it\/?p=391978"},"modified":"2016-09-04T17:41:59","modified_gmt":"2016-09-04T15:41:59","slug":"papa-santa-madre-teresa-brumotti-le-dedicato-un-tatuaggio","status":"publish","type":"post","link":"https:\/\/staging.ivg.it\/2016\/09\/papa-santa-madre-teresa-brumotti-le-dedicato-un-tatuaggio\/","title":{"rendered":"Il Papa fa santa Madre Teresa, Brumotti: &#8220;Io le ho dedicato un tatuaggio&#8221;"},"content":{"rendered":"<p>&#8220;Oggi il Papa proclama santa Maria Teresa di Calcutta, e anche io alla mia maniera, con un tatuaggio, le ho dedicato la sua poesia, Life Is&#8221;. Cos\u00ec Vittorio Brumotti, il celebre biker e personaggio televisivo nato a Finale Ligure e residente a Boissano, a voluto alla sua maniera celebrare la santificazione di Madre Teresa: lo ha fatto su Instagram, postando un&#8217;immagine del tatuaggio sul proprio busto.<\/p>\n<p>Nell&#8217;immagine \u00e8 possibile vedere, lungo tutto il fianco sinistro dell&#8217;inviato di Striscia, il testo in inglese dell&#8217;Inno alla Vita, scritto proprio dalla missionaria:<\/p>\n<blockquote><p>La vita \u00e8 bellezza, ammirala.<br \/>\nLa vita \u00e8 un\u2019opportunit\u00e0, coglila.<br \/>\nLa vita \u00e8 beatitudine, assaporala.<br \/>\nLa vita \u00e8 un sogno, fanne una realt\u00e0.<br \/>\nLa vita \u00e8 una sfida, affrontala.<br \/>\nLa vita \u00e8 un dovere, compilo.<br \/>\nLa vita \u00e8 un gioco, giocalo.<br \/>\nLa vita \u00e8 preziosa, abbine cura.<br \/>\nLa vita \u00e8 una ricchezza, conservala.<br \/>\nLa vita \u00e8 amore, donala.<br \/>\nLa vita \u00e8 un mistero, scoprilo.<br \/>\nLa vita \u00e8 promessa, adempila.<br \/>\nLa vita \u00e8 tristezza, superala.<br \/>\nLa vita \u00e8 un inno, cantalo.<br \/>\nLa vita \u00e8 una lotta, accettala.<br \/>\nLa vita \u00e8 un\u2019avventura, rischiala.<br \/>\nLa vita \u00e8 felicit\u00e0, meritala.<br \/>\nLa vita \u00e8 la vita, difendila.<\/p><\/blockquote>\n<p>&#8220;Lei non giudicava, ma aiutava &#8211; ricorda Brumotti nel suo post &#8211; e questa \u00e8 una gran cosa perch\u00e9 la vita, forse non ci ricordiamo, ma \u00e8 il dono pi\u00f9 grande che abbiamo ricevuto&#8221;. Ed il messaggio del biker ha riscosso successo tra i fan: nel momento in cui scriviamo sono pi\u00f9 di 1800 i &#8220;cuori&#8221; (l&#8217;equivalente di Instagram dei &#8220;like&#8221; di Facebook) da parte degli utenti.<\/p>\n","protected":false},"excerpt":{"rendered":"<p>&#8220;Oggi il Papa proclama santa Maria Teresa di Calcutta, e anche io alla mia maniera, con un tatuaggio, le ho dedicato la sua poesia, Life Is&#8221;. Cos\u00ec Vittorio Brumotti, il celebre biker e personaggio televisivo nato a Finale Ligure e residente a Boissano, a voluto alla sua maniera celebrare la santificazione di Madre Teresa: lo [&hellip;]<\/p>\n","protected":false},"author":10593,"featured_media":0,"comment_status":"open","ping_status":"closed","sticky":false,"template":"","format":"standard","meta":{"footnotes":""},"categories":[56],"tags":[],"class_list":["post-391978","post","type-post","status-publish","format-standard","hentry","category-altre","post_cat_citta-boissano","post_cat_citta-finale-ligure","post_tag_personaggi-madre-teresa-di-calcutta","post_tag_personaggi-vittorio-brumotti"],"amp_validity":null,"amp_enabled":true,"_links":{"self":[{"href":"https:\/\/staging.ivg.it\/ediapi\/wp\/v2\/posts\/391978","targetHints":{"allow":["GET"]}}],"collection":[{"href":"https:\/\/staging.ivg.it\/ediapi\/wp\/v2\/posts"}],"about":[{"href":"https:\/\/staging.ivg.it\/ediapi\/wp\/v2\/types\/post"}],"author":[{"embeddable":true,"href":"https:\/\/staging.ivg.it\/ediapi\/wp\/v2\/users\/10593"}],"replies":[{"embeddable":true,"href":"https:\/\/staging.ivg.it\/ediapi\/wp\/v2\/comments?post=391978"}],"version-history":[{"count":0,"href":"https:\/\/staging.ivg.it\/ediapi\/wp\/v2\/posts\/391978\/revisions"}],"wp:attachment":[{"href":"https:\/\/staging.ivg.it\/ediapi\/wp\/v2\/media?parent=391978"}],"wp:term":[{"taxonomy":"category","embeddable":true,"href":"https:\/\/staging.ivg.it\/ediapi\/wp\/v2\/categories?post=391978"},{"taxonomy":"post_tag","embeddable":true,"href":"https:\/\/staging.ivg.it\/ediapi\/wp\/v2\/tags?post=391978"}],"curies":[{"name":"wp","href":"https:\/\/api.w.org\/{rel}","templated":true}]}}