{"id":391951,"date":"2016-09-04T08:21:25","date_gmt":"2016-09-04T06:21:25","guid":{"rendered":"http:\/\/www.ivg.it\/?p=391951"},"modified":"2016-09-04T08:22:11","modified_gmt":"2016-09-04T06:22:11","slug":"terremoto-al-confine-italia-francia-avvertito-anche-nel-ponente-savonese","status":"publish","type":"post","link":"https:\/\/staging.ivg.it\/2016\/09\/terremoto-al-confine-italia-francia-avvertito-anche-nel-ponente-savonese\/","title":{"rendered":"Terremoto al confine Italia-Francia, avvertito anche nel ponente savonese"},"content":{"rendered":"<p><strong>Andora.<\/strong> Un terremoto si \u00e8 verificato ieri sera al Confine tra Italia e Francia. La scossa, di magnitudo 3.2, \u00e8 avvenuta ieri sera alle 21.14 a una profondit\u00e0 di circa 15 km.<\/p>\n<p>L&#8217;epicentro si trova a circa 11 km da Olivetta San Michele, nell&#8217;entroterra di Ventimiglia. La scossa, per\u00f2, \u00e8 stata avvertita in tutta la provincia di Imperia e nell&#8217;estremo ponente savonese.<\/p>\n<p>Fortunatamente non si registrano danni o feriti.<\/p>\n","protected":false},"excerpt":{"rendered":"<p>La scossa, di magnitudo 3.2, \u00e8 avvenuta alle 21.14<\/p>\n","protected":false},"author":10593,"featured_media":0,"comment_status":"open","ping_status":"closed","sticky":false,"template":"","format":"standard","meta":{"footnotes":""},"categories":[45296,34],"tags":[3040],"class_list":["post-391951","post","type-post","status-publish","format-standard","hentry","category-copertina","category-cronaca","tag-terremoto","post_cat_citta-andora"],"amp_validity":null,"amp_enabled":true,"_links":{"self":[{"href":"https:\/\/staging.ivg.it\/ediapi\/wp\/v2\/posts\/391951","targetHints":{"allow":["GET"]}}],"collection":[{"href":"https:\/\/staging.ivg.it\/ediapi\/wp\/v2\/posts"}],"about":[{"href":"https:\/\/staging.ivg.it\/ediapi\/wp\/v2\/types\/post"}],"author":[{"embeddable":true,"href":"https:\/\/staging.ivg.it\/ediapi\/wp\/v2\/users\/10593"}],"replies":[{"embeddable":true,"href":"https:\/\/staging.ivg.it\/ediapi\/wp\/v2\/comments?post=391951"}],"version-history":[{"count":0,"href":"https:\/\/staging.ivg.it\/ediapi\/wp\/v2\/posts\/391951\/revisions"}],"wp:attachment":[{"href":"https:\/\/staging.ivg.it\/ediapi\/wp\/v2\/media?parent=391951"}],"wp:term":[{"taxonomy":"category","embeddable":true,"href":"https:\/\/staging.ivg.it\/ediapi\/wp\/v2\/categories?post=391951"},{"taxonomy":"post_tag","embeddable":true,"href":"https:\/\/staging.ivg.it\/ediapi\/wp\/v2\/tags?post=391951"}],"curies":[{"name":"wp","href":"https:\/\/api.w.org\/{rel}","templated":true}]}}