{"id":391944,"date":"2016-09-03T18:42:03","date_gmt":"2016-09-03T16:42:03","guid":{"rendered":"http:\/\/www.ivg.it\/?p=391944"},"modified":"2016-09-03T18:49:53","modified_gmt":"2016-09-03T16:49:53","slug":"emma-quaglia-valerio-brignone-star-della-corricelle","status":"publish","type":"post","link":"https:\/\/staging.ivg.it\/2016\/09\/emma-quaglia-valerio-brignone-star-della-corricelle\/","title":{"rendered":"Emma Quaglia e Valerio Brignone star della Corricelle"},"content":{"rendered":"<p><strong>Celle Ligure.<\/strong> Bella ed accattivante l&#8217;<strong>edizione numero 3 della Corricelle<\/strong>, corsa su strada tra le vie del borgo rivierasco, con percorso interamente precluso al traffico veicolare a collegare il nucleo abitativo del centro storico con il pi\u00f9 recente quartiere dei Piani.<\/p>\n<p>L\u2019evento, <strong>organizzato dal Centro Atletica Celle Ligure<\/strong> con il patrocinio ed il supporto del Comune di Celle Ligure e da numerose associazioni di volontariato (locali e non solo), ha riscosso un notevole successo di partecipazione con <strong>oltre 250 persone impegnate nelle diverse attivit\u00e0 motorie proposte dal variegato menu.<\/strong><\/p>\n<p>Dalla <strong>corsa decisamente &#8220;free&#8221;<\/strong> della premessa riservata alle formazioni &#8220;balneari&#8221; dei bimbi alla camminata non competitiva (chi con bastoncini per il\u00a0nordic walking, chi sicuramente pi\u00f9 casual&#8230;) alla <strong>&#8220;variante&#8221; non competitiva su percorso di 6 chilometri<\/strong> identico a quello successivamente proposto agli agonisti e tesserati.<\/p>\n<p>Veniamo doverosamente al commento delle<strong> gare &#8220;ufficiali&#8221;<\/strong> e partiamo da due grandi signore della Maratona azzurra: gi\u00e0 il vederle parlare e scherzare insieme pochi minuti prima dello start ci ha rimandato all\u2019essenza di questo splendido sport, l\u2019atletica, che sicuramente nasce &#8220;per strada&#8221; e che forse, chiss\u00e0, forse dalla strada trover\u00e0 nuove energie e risorse e idee per una ripartenza. Nel frattempo assaporiamo la gioia di veder correre\u00a0<strong>Emma Quaglia,<\/strong>\u00a0una ragazzina di 35 anni con facilit\u00e0 e contemporanei sorrisi per tutti, con lo stesso entusiasmo di quando una ventina di stagioni or sono ci accompagnava nelle trasferte delle formazioni cadette dell\u2019epoca e di pochi anni fa quando raccolse il quinto posto ai Mondiali di Mosca. La poesia del momento non le impedisce di correre <strong>in 20&#8217;29&#8243;41, un crono che migliora di 1 minuto e mezzo il precedente record che apparteneva proprio ad Ornella Ferrara, seconda,<\/strong> un altro volto sorridente e giovane del mondo podistico. E gli anni di questa seconda ragazzina sono qualcuno in pi\u00f9.<\/p>\n<p><strong>Terza \u00e8 Arianna Pisano, junior in forza all\u2019Atletica Arcobaleno<\/strong> che dimostra una volta di pi\u00f9 i notevoli progressi registrati a livello di preparazione aerobica e che \u00e8 pronta per un grande finale di stagione nella sua specialit\u00e0 d\u2019eccellenza, la marcia. <strong>Quarta posizione per Eleonora Serra<\/strong>, ancora una volta protagonista.<\/p>\n<p><strong>La gara maschile celebra una nuova affermazione di Valerio Brignone<\/strong>, che gi\u00e0 si impose nella prima edizione della manifestazione<strong>. Il crono di 19&#8217;25&#8243;99<\/strong> \u00e8 quasi una beffa perch\u00e9 praticamente eguaglia il 19&#8217;24 di due anni or sono, anche se non sarebbe stato comunque record considerando il 19&#8217;03 realizzato nel 2015 da Emilio Elena. Valerio, il volto pi\u00f9 noto della corsa su strada in Liguria, a pochi mesi dai 50 conferma grinta, continuit\u00e0, umilt\u00e0, entusiasmo incredibili. Grazie anche a lui per tutta una combinazione di emozioni che \u00e8 tornato a regalare.<\/p>\n<p><strong>Alle sue spalle per un buon secondo posto il 23enne Leonardo Gaglione<\/strong> che forse, in futuro, potrebbe raccogliere almeno una parte della gravosa eredit\u00e0 di Brignone. <strong>Bronzo per Alessio De Martino<\/strong>, altro runner spesso ospite delle manifestazioni promosse a Celle e dintorni, che gestisce con attenzione la gara e nel finale <strong>ha la meglio su Giovanni Tornielli.<\/strong><\/p>\n<p>Nelle<strong> gare giovanili valide per l\u2019assegnazione dei titoli regionali di campione ligure 2016 di corsa su strada<\/strong> emozionante testa a testa nella gara <strong>Cadette<\/strong> sui 3 chilometri: la spunta l\u2019astro nascente di <strong>Aurora Bado (Atletica 92 Ventimiglia)<\/strong> che si impone allo sprint su Linda Fossa (Trionfo Ligure). Terza posizione per l\u2019altra giovane star ponentina Charlotte Bontemps.<\/p>\n<p>Il titolo <strong>Ragazze<\/strong> se lo aggiudica <strong>Viola Vernetti (Gruppo Citt\u00e0 di Genova);<\/strong> alle sue spalle la coppia varazzina Chiara Crovetto e Giada Bongiovanni.<\/p>\n<p>E\u2019 un duello tutto varazzino quello che si registra nella gara<strong> Ragazzi: Marco Zunino<\/strong> prevale su Leonardo Musso che per\u00f2 lo tallona sino a pochi metri dal traguardo dimostrandosi in crescita. Terzo, per l\u2019Atletica 92 Ventimiglia, il giovane Stefano Girotti.<\/p>\n<p>La gara <strong>Cadetti<\/strong> sui 4 chilometri registra l\u2019affermazione di <strong>Emerson David Minetti (Trionfo Ligure)<\/strong> su Sirio Dettori (Atletica Due Perle) e Nicol\u00f2 Reghin (Atletica Ceriale San Giorgio).<\/p>\n<p>A conclusione di una bella serata sportiva possibilit\u00e0 per tutti i presenti di rifocillarisi, a prezzi agevolati, nelle numerose strutture di ristorazione locali.<\/p>\n<p>&#8220;Un ringraziamento particolare &#8211; dicono gli organizzatori &#8211; va agli esercenti ed operatori economici di Celle Ligure e Varazze che hanno aderito alla manifestazione, oltre alle associazioni sportive presenti a dar man forte all\u2019organizzazione (Run X Tutti Celle, Atletica Arcobaleno Savona, Atletica Varazze, Athle Team Genova, Atletica 92 Ventimiglia) ed agli amici della Associazione Protezione Civile Tonino Mordegli\u201d Celle Ligure, Avis Celle Ligure, Croce Rosa Cellese, Sporting Club Celle Pesca Sportiva&#8221;.<\/p>\n<p><strong>I primi 31 atleti al traguardo nella gara degli adulti, portata a termine da 58 uomini e 24 donne:<\/strong><br \/>\n1\u00b0 Valerio Brignone (Cambiaso Risso Running Team) 19&#8217;25&#8221;<br \/>\n2\u00b0 Leonardo Gaglione (Atletica Run Finale Ligure) 19&#8217;40&#8221;<br \/>\n3\u00b0 Alessio De Martino (Cambiaso Risso Running Team) 20&#8217;06&#8221;<br \/>\n4\u00b0 Giovanni Tornielli (Podistica Peralto) 20&#8217;18&#8221;<br \/>\n5\u00aa Emma Quaglia (Cus Genova) 20&#8217;29&#8221;<br \/>\n6\u00b0 Alessandro Ferrua (Albenga Runners) 20&#8217;47&#8221;<br \/>\n7\u00b0 Pietro Camozzi (Uisp Celle) 21&#8217;21&#8221;<br \/>\n8\u00b0 Enrico Lamberti (Cambiaso Risso Running Team) 21&#8217;25&#8221;<br \/>\n9\u00b0 Mattia Delbuono (Atletica Arcobaleno Savona) 21&#8217;29&#8221;<br \/>\n10\u00b0 Riccardo Bado (Atletica Arcobaleno Savona) 21&#8217;37&#8221;<br \/>\n11\u00b0 Paolo Veggi (Sesia Running) 21&#8217;47&#8221;<br \/>\n12\u00b0 Massimo Galatini (Atletica Varazze) 21&#8217;52&#8221;<br \/>\n13\u00b0 Paolo Vassallo (Marathon Club Imperia) 21&#8217;57&#8221;<br \/>\n14\u00b0 Paolo Ermellino (Atletica Cairo) 22&#8217;27&#8221;<br \/>\n15\u00b0 Pasquale De Martino (Cambiaso Risso Running Team) 22&#8217;28&#8221;<br \/>\n16\u00aa Ornella Ferrara (PBM Bovisio Masciago) 22&#8217;29&#8221;<br \/>\n17\u00b0 Paolo Gerbi (Delta Spedizioni) 22&#8217;45&#8221;<br \/>\n18\u00b0 Stefano Berlingieri (Uisp Celle) 22&#8217;56&#8221;<br \/>\n19\u00b0 Gabriele Barlocco (Atletica Cairo) 22&#8217;57&#8221;<br \/>\n20\u00b0 Samir Ait Oulhyan (Atletica Ceriale San Giorgio) 23&#8217;10&#8221;<br \/>\n21\u00b0 Luca Cecchinelli (Trionfo Ligure) 23&#8217;16&#8221;<br \/>\n22\u00b0 Federico Gallo (Uisp Celle) 23&#8217;21&#8221;<br \/>\n23\u00b0 Sandro Conti (Uisp Celle) 23&#8217;29&#8221;<br \/>\n24\u00b0 Davide Bordonaro (Atletica Vercelli 78) 23&#8217;32&#8221;<br \/>\n25\u00b0 Christian Tricoli (libero) 23&#8217;38&#8221;<br \/>\n26\u00b0 Andrea Verderame (Atletica Run Finale Ligure) 23&#8217;39&#8221;<br \/>\n27\u00b0 Leonardo Digilio (Podistica Savonese) 23&#8217;40&#8221;<br \/>\n28\u00b0 Alessio Abbo (Uisp Celle) 24&#8217;05&#8221;<br \/>\n29\u00b0 Marco Bonollo (Atletica Varazze) 24&#8217;06&#8221;<br \/>\n30\u00b0 Ferdinando Barcellona (libero) 24&#8217;14&#8221;<br \/>\n31\u00aa Arianna Pisano (Atletica Arcobaleno Savona) 24&#8217;32&#8221;<\/p>\n","protected":false},"excerpt":{"rendered":"<p>Tra i giovani primeggiano Aurora Bado ed Emerson David Minetti primeggiano tra i Cadetti <\/p>\n","protected":false},"author":18,"featured_media":0,"comment_status":"open","ping_status":"closed","sticky":false,"template":"","format":"standard","meta":{"footnotes":""},"categories":[45296,47716,32],"tags":[74755,345,176],"class_list":["post-391944","post","type-post","status-publish","format-standard","hentry","category-copertina","category-atletica-sport","category-sport","tag-corricelle","tag-corsa","tag-podismo","post_cat_citta-celle-ligure","post_tag_personaggi-alessio-de-martino","post_tag_personaggi-aurora-bado","post_tag_personaggi-emerson-david-minetti","post_tag_personaggi-emma-quaglia","post_tag_personaggi-leonardo-gaglione","post_tag_personaggi-marco-zunino","post_tag_personaggi-ornella-ferrara","post_tag_personaggi-valerio-brignone","post_tag_personaggi-viola-vernetti"],"amp_validity":null,"amp_enabled":true,"_links":{"self":[{"href":"https:\/\/staging.ivg.it\/ediapi\/wp\/v2\/posts\/391944","targetHints":{"allow":["GET"]}}],"collection":[{"href":"https:\/\/staging.ivg.it\/ediapi\/wp\/v2\/posts"}],"about":[{"href":"https:\/\/staging.ivg.it\/ediapi\/wp\/v2\/types\/post"}],"author":[{"embeddable":true,"href":"https:\/\/staging.ivg.it\/ediapi\/wp\/v2\/users\/18"}],"replies":[{"embeddable":true,"href":"https:\/\/staging.ivg.it\/ediapi\/wp\/v2\/comments?post=391944"}],"version-history":[{"count":0,"href":"https:\/\/staging.ivg.it\/ediapi\/wp\/v2\/posts\/391944\/revisions"}],"wp:attachment":[{"href":"https:\/\/staging.ivg.it\/ediapi\/wp\/v2\/media?parent=391944"}],"wp:term":[{"taxonomy":"category","embeddable":true,"href":"https:\/\/staging.ivg.it\/ediapi\/wp\/v2\/categories?post=391944"},{"taxonomy":"post_tag","embeddable":true,"href":"https:\/\/staging.ivg.it\/ediapi\/wp\/v2\/tags?post=391944"}],"curies":[{"name":"wp","href":"https:\/\/api.w.org\/{rel}","templated":true}]}}