{"id":391938,"date":"2016-09-03T16:51:12","date_gmt":"2016-09-03T14:51:12","guid":{"rendered":"http:\/\/www.ivg.it\/?p=391938"},"modified":"2016-09-04T08:57:48","modified_gmt":"2016-09-04T06:57:48","slug":"fabrizio-gian-paolo-sposi-cisano-la-unione-civile-nel-savonese","status":"publish","type":"post","link":"https:\/\/staging.ivg.it\/2016\/09\/fabrizio-gian-paolo-sposi-cisano-la-unione-civile-nel-savonese\/","title":{"rendered":"Fabrizio e Gian Paolo sposi, a Cisano la prima unione civile nel savonese"},"content":{"rendered":"<p><strong>Cisano sul Neva<\/strong>. Fabrizio e Gian Paolo hanno coronato il loro sogno d&#8217;amore: questo pomeriggio, nel salone Gollo, una bella villa a Cisano sul Neva, \u00e8 stato celebrato il primo matrimonio civile nel savonese.\u00a0&#8220;Ci sposiamo per ufficializzare la nostra unione e per tutelarci&#8221;, racconta Fabrizio alle prese con gli ultimi dettagli prima delle nozze.<\/p>\n<p>Fabrizio e Gian Paolo, 31 anni, 33 il compagno, raccontano la loro storia d&#8217;amore. &#8220;Ci siamo conosciuti esattamente undici anni fa. Fu un\u00a0incontro del tutto casuale. Eravamo in compagnia di amici. Ci siamo subito piaciuti. E&#8217; stato amore a prima vista&#8221;. Cupido ha lanciato le sue frecce colpendo Fabrizio e Gian Paolo, ma solo tre anni fa hanno deciso che era arrivato il momento di formalizzare quella convivenza, mai tenuta segreta e accettata di buon grado da familiari e amici. &#8220;Tutti hanno visto che era un&#8217;unione e una convivenza normalissima come una coppia qualsiasi &#8211; dice Fabrizio &#8211; Ora coroniamo un sogno che inseguiamo da un bel po&#8217; di tempo&#8221;.<\/p>\n<p>Il programma della cerimonia nuziale \u00e8 gi\u00e0 stato definito da mesi. Ad unirli in matrimonio alle 16 in punti \u00e8 stato il sindaco Massimo Niero. Dopo il s\u00ec celebrato a Cisano, ora \u00e8 previsto il ricevimento al &#8220;Rica Roca&#8221; in via dei Mille ad Albenga.<\/p>\n<p><iframe loading=\"lazy\" id=\"vzvd-8082180\" class=\"vzaar-video-player\" title=\"vzaar video player\" src=\"\/\/view.vzaar.com\/8082180\/player\" name=\"vzvd-8082180\" width=\"640\" height=\"364\" frameborder=\"0\" allowfullscreen=\"allowfullscreen\"><\/iframe><\/p>\n<p>Il matrimonio di Fabrizio e Gian Paolo \u00e8 uno tra i primi in Liguria. &#8220;\u00c8 un segnale che Cisano d\u00e0 per la parificazione dei cittadini &#8211; dice il sindaco Niero &#8211; Non solo ho condiviso la legge, ma l&#8217;appoggio pienamente, anche perch\u00e9 allinea l&#8217;Italia ad altri Paesi europei. Se una coppia dello stesso sesso decide di sposarsi lo accetto. E&#8217; un segno d&#8217;amore che non deve essere ostacolato, ma anzi rispettato&#8221;.<\/p>\n<p>&#8220;Oggi il mio amico sindaco di Cisano sul Neva, Massimo Niero ha celebrato la sua prima Unione civile. Me lo ha scritto emozionato ed orgoglioso. Ho deciso di condividere con voi la sua gioia per aver potuto fare una cosa tanto bella. L&#8217;amore e&#8217; la legge suprema per citare una tra le pi\u00f9 meravigliose canzoni degli U2. Un abbraccio speciale a Gian Paolo Murru e Fabrizio Crestana. E un bacio a Massimo Niero&#8221; ha scritto su Facebook Raffaella Paita, capo gruppo Pd in Regione protagonista di una dura polemica con i sindaci del centro destra per le celebrazioni delle unioni civili.<\/p>\n<p>E cos\u00ec, grazie alla legge Cirinn\u00e0 e al decreto ponte uscito il 29 luglio, si \u00e8 aperto un nuovo percorso burocratico e potrebbe anche non essere il solo matrimonio ad essere celebrato a settembre. Altre coppie hanno chiesto informazioni in altri Comuni del Savonese. Per tutti vale una regola: la data per la costituzione dell&#8217;unione civile viene scelta al momento della &#8220;richiesta&#8221; di costituzione dell&#8217;unione davanti all&#8217;ufficiale di stato civile; da quel momento in poi devono passare 15 giorni di tempo, in cui l&#8217;ufficiale deve assumere le informazioni e verificare che tutto sia a posto, poi nella data stabilita si dichiara l&#8217;unione civile.<\/p>\n","protected":false},"excerpt":{"rendered":"<p>La prima coppia dello stesso sesso ad unirsi &#8220;civilmente&#8221; nella nostra provincia si racconta ad IVG.it<\/p>\n","protected":false},"author":4,"featured_media":0,"comment_status":"open","ping_status":"closed","sticky":false,"template":"","format":"standard","meta":{"footnotes":""},"categories":[45296,56],"tags":[84811,80184],"class_list":["post-391938","post","type-post","status-publish","format-standard","hentry","category-copertina","category-altre","tag-matrimoni-gay","tag-unioni-civili","post_cat_citta-cisano-sul-neva","post_tag_personaggi-massimo-niero"],"amp_validity":null,"amp_enabled":true,"_links":{"self":[{"href":"https:\/\/staging.ivg.it\/ediapi\/wp\/v2\/posts\/391938","targetHints":{"allow":["GET"]}}],"collection":[{"href":"https:\/\/staging.ivg.it\/ediapi\/wp\/v2\/posts"}],"about":[{"href":"https:\/\/staging.ivg.it\/ediapi\/wp\/v2\/types\/post"}],"author":[{"embeddable":true,"href":"https:\/\/staging.ivg.it\/ediapi\/wp\/v2\/users\/4"}],"replies":[{"embeddable":true,"href":"https:\/\/staging.ivg.it\/ediapi\/wp\/v2\/comments?post=391938"}],"version-history":[{"count":0,"href":"https:\/\/staging.ivg.it\/ediapi\/wp\/v2\/posts\/391938\/revisions"}],"wp:attachment":[{"href":"https:\/\/staging.ivg.it\/ediapi\/wp\/v2\/media?parent=391938"}],"wp:term":[{"taxonomy":"category","embeddable":true,"href":"https:\/\/staging.ivg.it\/ediapi\/wp\/v2\/categories?post=391938"},{"taxonomy":"post_tag","embeddable":true,"href":"https:\/\/staging.ivg.it\/ediapi\/wp\/v2\/tags?post=391938"}],"curies":[{"name":"wp","href":"https:\/\/api.w.org\/{rel}","templated":true}]}}